{"id":68680,"date":"2025-08-13T00:14:05","date_gmt":"2025-08-13T06:14:05","guid":{"rendered":"https:\/\/politicosaldesnudo.com.mx\/?p=68680"},"modified":"2025-08-12T23:09:42","modified_gmt":"2025-08-13T05:09:42","slug":"periodistas-de-chilpancingo-repudian-asesinato-de-reporteros-de-al-jazeera-en-gaza","status":"publish","type":"post","link":"https:\/\/politicosaldesnudo.com.mx\/index.php\/2025\/08\/13\/periodistas-de-chilpancingo-repudian-asesinato-de-reporteros-de-al-jazeera-en-gaza\/","title":{"rendered":"Periodistas de Chilpancingo repudian asesinato de reporteros de Al Jazeera en Gaza"},"content":{"rendered":"<div id=\"article-content-tts\" class=\"nota-contenido mb-5\">\n<div id=\"content_nitf\">\n<p class=\"nota-justify\">Periodistas de Chilpancingo se sumaron a la protesta nacional por el asesinato de cinco reporteros de la cadena Al Jazeera y un comunicador local independiente tras un ataque israel\u00ed a la ciudad de Gaza. Tambi\u00e9n se solidarizaron con sus compa\u00f1eros del portal\u00a0<i>El Tlacolol<\/i>, debido a las presiones que ejerce el gobierno estatal en su contra.<\/p>\n<p class=\"nota-justify\">Alrededor de 50 reporteros de la capital de Guerrero llevaron a cabo un mitin a las 11 de la ma\u00f1ana e irrumpieron en las instalaciones de la Ciudad Judicial, ubicadas al sur de la ciudad, donde leyeron un pronunciamiento de apoyo, firmado por m\u00e1s de 70 comunicadores de Guerrero, en defensa de la libertad de expresi\u00f3n y el ejercicio responsable del periodismo.<\/p>\n<p class=\"nota-justify\">\u201cManifestamos nuestra solidaridad y respaldo a\u00a0<i>El Tlacolol<\/i>, ante las recientes acusaciones y procesos sancionadores iniciados en su contra por un dato protegido, y con la apertura del Instituto Nacional Electoral (INE), se\u00f1alaron en el posicionamiento.<\/p>\n<p class=\"nota-justify\">\u201cSon dos denuncias hechas por dato protegido en contra de los compa\u00f1eros de\u00a0<i>El Tlacolol<\/i>; una por presunta inducci\u00f3n al voto y otra por violencia pol\u00edtica en raz\u00f3n de g\u00e9nero, que estamos seguros carecen de fundamento y representan un intento por parte del poder de censurar la cr\u00edtica period\u00edstica libre e independiente.<\/p>\n<p class=\"nota-justify\">Rechazamos \u201ccualquier acusaci\u00f3n que pretenda censurar o perseguir a quienes denunciamos irregularidades, corrupci\u00f3n y abusos desde el ejercicio del derecho a informar, el an\u00e1lisis cr\u00edtico y la investigaci\u00f3n responsable\u201d.<\/p>\n<p class=\"nota-justify\"><i>El Tlacolol\u00a0<\/i>\u201ces un medio independiente, autogestivo, alejado de cualquier inter\u00e9s pol\u00edtico o econ\u00f3mico, que ha ejercido su labor con \u00e9tica, rigor y respeto, enfoc\u00e1ndose en la cr\u00edtica al desempe\u00f1o p\u00fablico y nunca a la vida privada o aspectos personales de los funcionarios y gobernantes\u201d.<\/p>\n<p class=\"nota-justify\">El uso de figuras como \u201cla violencia pol\u00edtica en raz\u00f3n de g\u00e9nero para perseguir a medios y periodistas, es una forma perversa y sofisticada de censura legalizada que debe ser denunciada y combatida p\u00fablicamente. Exigimos al INE y a las autoridades correspondientes que realicen un an\u00e1lisis completo, justo y contextualizado de los hechos, respetando la jurisprudencia vigente y garantizando el derecho a la defensa\u201d.<\/p>\n<p class=\"nota-justify\">Durante el mitin se responsabiliz\u00f3 a la gobernadora Evelyn Salgado Pineda, y su pap\u00e1, el senador F\u00e9lix Salgado Macedonio, de cualquier atentado que pudieran sufrir Jes\u00fas Guerrero Salgado, Arturo de Dios Palma y Emiliano Tizapa Lucena, del equipo de ese medio.<\/p>\n<p class=\"nota-justify\">\u201cNo hay que olvidar c\u00f3mo una perversa alianza entre la pol\u00edtica y la delincuencia organizada llev\u00f3 al asesinato de los periodistas Javier Valdez C\u00e1rdenas, en Sinaloa, y Miroslava Breach en Chihuahua\u201d, record\u00f3 uno de los oradores.<\/p>\n<p class=\"nota-justify\">Al final del evento, los periodistas de Guerrero, portando una bandera Palestina, guardaron un minuto de silencio por la muerte de los seis periodistas asesinados por Israel en Gaza.<\/p>\n<\/div>\n<\/div>\n<div class=\"notas-relacionadas\"><\/div>\n<div class=\"nota-tags\"><\/div>\n","protected":false},"excerpt":{"rendered":"<p>Periodistas de Chilpancingo se sumaron a la protesta nacional por el asesinato de cinco reporteros de la cadena Al Jazeera<\/p>\n","protected":false},"author":4,"featured_media":68681,"comment_status":"closed","ping_status":"closed","sticky":false,"template":"","format":"standard","meta":{"colormag_page_container_layout":"default_layout","colormag_page_sidebar_layout":"default_layout","_jetpack_memberships_contains_paid_content":false,"footnotes":"","jetpack_publicize_message":"","jetpack_publicize_feature_enabled":true,"jetpack_social_post_already_shared":true,"jetpack_social_options":{"image_generator_settings":{"template":"highway","default_image_id":0,"font":"","enabled":false},"version":2}},"categories":[30],"tags":[],"class_list":["post-68680","post","type-post","status-publish","format-standard","has-post-thumbnail","hentry","category-estados"],"jetpack_publicize_connections":[],"jetpack_featured_media_url":"https:\/\/i0.wp.com\/politicosaldesnudo.com.mx\/wp-content\/uploads\/2025\/08\/PERIO.jpg?fit=759%2C434&ssl=1","jetpack-related-posts":[],"jetpack_sharing_enabled":true,"_links":{"self":[{"href":"https:\/\/politicosaldesnudo.com.mx\/index.php\/wp-json\/wp\/v2\/posts\/68680","targetHints":{"allow":["GET"]}}],"collection":[{"href":"https:\/\/politicosaldesnudo.com.mx\/index.php\/wp-json\/wp\/v2\/posts"}],"about":[{"href":"https:\/\/politicosaldesnudo.com.mx\/index.php\/wp-json\/wp\/v2\/types\/post"}],"author":[{"embeddable":true,"href":"https:\/\/politicosaldesnudo.com.mx\/index.php\/wp-json\/wp\/v2\/users\/4"}],"replies":[{"embeddable":true,"href":"https:\/\/politicosaldesnudo.com.mx\/index.php\/wp-json\/wp\/v2\/comments?post=68680"}],"version-history":[{"count":0,"href":"https:\/\/politicosaldesnudo.com.mx\/index.php\/wp-json\/wp\/v2\/posts\/68680\/revisions"}],"wp:featuredmedia":[{"embeddable":true,"href":"https:\/\/politicosaldesnudo.com.mx\/index.php\/wp-json\/wp\/v2\/media\/68681"}],"wp:attachment":[{"href":"https:\/\/politicosaldesnudo.com.mx\/index.php\/wp-json\/wp\/v2\/media?parent=68680"}],"wp:term":[{"taxonomy":"category","embeddable":true,"href":"https:\/\/politicosaldesnudo.com.mx\/index.php\/wp-json\/wp\/v2\/categories?post=68680"},{"taxonomy":"post_tag","embeddable":true,"href":"https:\/\/politicosaldesnudo.com.mx\/index.php\/wp-json\/wp\/v2\/tags?post=68680"}],"curies":[{"name":"wp","href":"https:\/\/api.w.org\/{rel}","templated":true}]}}