{"id":68683,"date":"2025-08-13T00:15:59","date_gmt":"2025-08-13T06:15:59","guid":{"rendered":"https:\/\/politicosaldesnudo.com.mx\/?p=68683"},"modified":"2025-08-12T23:12:39","modified_gmt":"2025-08-13T05:12:39","slug":"fiscalia-de-guanajuato-presiona-a-ferromex-para-que-cumpla-con-indemnizacion","status":"publish","type":"post","link":"https:\/\/politicosaldesnudo.com.mx\/index.php\/2025\/08\/13\/fiscalia-de-guanajuato-presiona-a-ferromex-para-que-cumpla-con-indemnizacion\/","title":{"rendered":"Fiscal\u00eda de Guanajuato presiona a Ferromex para que cumpla con indemnizaci\u00f3n"},"content":{"rendered":"<p class=\"nota-justify\">La Fiscal\u00eda General del Estado (FGE) mantiene inmovilizados 110 vagones de tren porque Ferromex no ha indemnizado a dos lesionados y a las familias de las seis personas que fallecieron cuando sus veh\u00edculos fueron embestidos por una locomotora en Irapuato, inform\u00f3 el secretario de Gobierno Jorge Jim\u00e9nez Lona.<\/p>\n<p class=\"nota-justify\">\u201cEl fiscal le ha pedido a la empresa garantizar la indemnizaci\u00f3n de las v\u00edctimas. Estamos en ese proceso; hab\u00edan acordado ellos el d\u00eda de ayer dejar una garant\u00eda\u201d, declar\u00f3.<\/p>\n<p class=\"nota-justify\">A la empresa le interesa liberar la carga de los 110 vagones que est\u00e1n inmovilizados, pero \u201cfinalmente no cumplieron\u201d con la indemnizaci\u00f3n, ventil\u00f3.<\/p>\n<p class=\"nota-justify\">Agreg\u00f3 que no pueden dejar desamparados a los lesionados y a las familias de los fallecidos del accidente del seis de agosto, donde una locomotora embisti\u00f3 a tres veh\u00edculos y una motocicleta en dos cruceros ferroviarios de la ciudad de Irapuato.<\/p>\n<p class=\"nota-justify\">Jorge Jim\u00e9nez Lona revel\u00f3 que este lunes se realizar\u00e1 otra reuni\u00f3n entre la Fiscal\u00eda y directivos de Ferromex.<\/p>\n<p class=\"nota-justify\">\u201cAyer -domingo- hab\u00edan dicho que ya iban a hacer un dep\u00f3sito de garant\u00eda; finalmente no lo hicieron\u201d, lament\u00f3.<\/p>\n<div id=\"article-content-tts\" class=\"nota-contenido mb-5\">\n<div id=\"content_nitf\">\n<p class=\"nota-justify\">La empresa quiere dejar una locomotora en garant\u00eda; sin embargo, no se acept\u00f3 la propuesta \u201cpor obvias razones\u201d, dijo el funcionario.<\/p>\n<p class=\"nota-justify\">A\u00f1adi\u00f3 que Ferromex quiere liberar la carga, pero \u201ctenemos tambi\u00e9n que resguardar y garantizar los derechos de las v\u00edctimas\u201d.<\/p>\n<p class=\"nota-justify\">\u00bfLa indemnizaci\u00f3n la va a determinar la fiscal\u00eda?<\/p>\n<p class=\"nota-justify\">\u2014Es un proceso que se hace, se estima. Obviamente, las v\u00edctimas tienen tambi\u00e9n su derecho individual, pero tiene que haber una garant\u00eda m\u00ednima.<\/p>\n<p class=\"nota-justify\">\u201c\u00a1Imag\u00ednate!, mandar luego a las v\u00edctimas a que se vayan a un tema de un juicio y eso puede llevar a\u00f1os\u201d, alert\u00f3.<\/p>\n<p class=\"nota-justify\">Por eso la Fiscal\u00eda busca que se pague la reparaci\u00f3n del da\u00f1o; adem\u00e1s, se explora la posibilidad de hacer un memorial en honor a las v\u00edctimas, expuso.<\/p>\n<p class=\"nota-justify\">\u201cVamos a estar encargados de que se les repare y se les garantice su recurso y su reparaci\u00f3n al lugar\u201d, advirti\u00f3.<\/p>\n<\/div>\n<\/div>\n<div class=\"notas-relacionadas\"><\/div>\n<div class=\"nota-tags\"><\/div>\n","protected":false},"excerpt":{"rendered":"<p>La Fiscal\u00eda General del Estado (FGE) mantiene inmovilizados 110 vagones de tren porque Ferromex no ha indemnizado a dos lesionados<\/p>\n","protected":false},"author":4,"featured_media":68684,"comment_status":"closed","ping_status":"closed","sticky":false,"template":"","format":"standard","meta":{"colormag_page_container_layout":"default_layout","colormag_page_sidebar_layout":"default_layout","_jetpack_memberships_contains_paid_content":false,"footnotes":"","jetpack_publicize_message":"","jetpack_publicize_feature_enabled":true,"jetpack_social_post_already_shared":true,"jetpack_social_options":{"image_generator_settings":{"template":"highway","default_image_id":0,"font":"","enabled":false},"version":2}},"categories":[30],"tags":[],"class_list":["post-68683","post","type-post","status-publish","format-standard","has-post-thumbnail","hentry","category-estados"],"jetpack_publicize_connections":[],"jetpack_featured_media_url":"https:\/\/i0.wp.com\/politicosaldesnudo.com.mx\/wp-content\/uploads\/2025\/08\/FERRO.jpg?fit=728%2C795&ssl=1","jetpack-related-posts":[],"jetpack_sharing_enabled":true,"_links":{"self":[{"href":"https:\/\/politicosaldesnudo.com.mx\/index.php\/wp-json\/wp\/v2\/posts\/68683","targetHints":{"allow":["GET"]}}],"collection":[{"href":"https:\/\/politicosaldesnudo.com.mx\/index.php\/wp-json\/wp\/v2\/posts"}],"about":[{"href":"https:\/\/politicosaldesnudo.com.mx\/index.php\/wp-json\/wp\/v2\/types\/post"}],"author":[{"embeddable":true,"href":"https:\/\/politicosaldesnudo.com.mx\/index.php\/wp-json\/wp\/v2\/users\/4"}],"replies":[{"embeddable":true,"href":"https:\/\/politicosaldesnudo.com.mx\/index.php\/wp-json\/wp\/v2\/comments?post=68683"}],"version-history":[{"count":0,"href":"https:\/\/politicosaldesnudo.com.mx\/index.php\/wp-json\/wp\/v2\/posts\/68683\/revisions"}],"wp:featuredmedia":[{"embeddable":true,"href":"https:\/\/politicosaldesnudo.com.mx\/index.php\/wp-json\/wp\/v2\/media\/68684"}],"wp:attachment":[{"href":"https:\/\/politicosaldesnudo.com.mx\/index.php\/wp-json\/wp\/v2\/media?parent=68683"}],"wp:term":[{"taxonomy":"category","embeddable":true,"href":"https:\/\/politicosaldesnudo.com.mx\/index.php\/wp-json\/wp\/v2\/categories?post=68683"},{"taxonomy":"post_tag","embeddable":true,"href":"https:\/\/politicosaldesnudo.com.mx\/index.php\/wp-json\/wp\/v2\/tags?post=68683"}],"curies":[{"name":"wp","href":"https:\/\/api.w.org\/{rel}","templated":true}]}}