{"id":68689,"date":"2025-08-13T00:17:30","date_gmt":"2025-08-13T06:17:30","guid":{"rendered":"https:\/\/politicosaldesnudo.com.mx\/?p=68689"},"modified":"2025-08-12T23:21:20","modified_gmt":"2025-08-13T05:21:20","slug":"daniel-noboa-marcha-hacia-la-corte-ecuatoriana-se-opone-a-los-recientes-fallos","status":"publish","type":"post","link":"https:\/\/politicosaldesnudo.com.mx\/index.php\/2025\/08\/13\/daniel-noboa-marcha-hacia-la-corte-ecuatoriana-se-opone-a-los-recientes-fallos\/","title":{"rendered":"Daniel Noboa marcha hacia la Corte ecuatoriana; se opone a los recientes fallos"},"content":{"rendered":"<p class=\"nota-justify\">El presidente ecuatoriano Daniel Noboa encabez\u00f3 este martes una multitudinaria marcha hacia la Corte Constitucional para expresar su oposici\u00f3n a los recientes fallos de ese tribunal que, a su criterio, anulan herramientas legales clave para enfrentar al crimen organizado.<\/p>\n<p class=\"nota-justify\">La polic\u00eda y los militares \u201cse sienten abandonados por una Corte Constitucional que decidi\u00f3 darles la espalda\u201d, manifest\u00f3 Noboa al final de la demostraci\u00f3n y les record\u00f3 a los jueces que las fuerzas del orden y la ciudadan\u00eda \u201cest\u00e1n en un territorio de guerra\u201d con delincuencia en las calles, inseguridad y narcotr\u00e1fico.<\/p>\n<p class=\"nota-justify\">El mandatario, acompa\u00f1ado de ministros y asamble\u00edstas, presidi\u00f3 la masiva demostraci\u00f3n que lleg\u00f3 a las puertas del edificio de la Corte y que algunos analistas advirtieron que plantea un conflicto de poderes. Ese tribunal es el m\u00e1ximo organismo de control e interpretaci\u00f3n de la Constituci\u00f3n vigente desde 2008.<\/p>\n<p class=\"nota-justify\">Por iniciativa del Ejecutivo la Asamblea (de mayor\u00eda oficialista) aprob\u00f3 recientemente tres leyes consideradas decisivas para enfrentar la creciente ola de violencia que protagonizan grupos criminales.<\/p>\n<p class=\"nota-justify\">Pero la Corte suspendi\u00f3 provisionalmente art\u00edculos incluidos en tres normas, entre ellas uno de la Ley de Inteligencia que dispone que las operadoras telef\u00f3nicas entreguen informaci\u00f3n de usuarios para acciones de inteligencia y la posibilidad de interceptar comunicaciones o documentos.<\/p>\n<p class=\"nota-justify\">Tambi\u00e9n suspendi\u00f3 apartados de la llamada Ley de Solidaridad, como uno que establece el indulto presidencial a favor de polic\u00edas y militares que, por ejemplo, hayan matado a delincuentes en el marco del estado de conflicto armado interno decretado por Noboa a inicios de 2024.<\/p>\n","protected":false},"excerpt":{"rendered":"<p>El presidente ecuatoriano Daniel Noboa encabez\u00f3 este martes una multitudinaria marcha hacia la Corte Constitucional para expresar su oposici\u00f3n a<\/p>\n","protected":false},"author":4,"featured_media":68690,"comment_status":"closed","ping_status":"closed","sticky":false,"template":"","format":"standard","meta":{"colormag_page_container_layout":"default_layout","colormag_page_sidebar_layout":"default_layout","_jetpack_memberships_contains_paid_content":false,"footnotes":"","jetpack_publicize_message":"","jetpack_publicize_feature_enabled":true,"jetpack_social_post_already_shared":true,"jetpack_social_options":{"image_generator_settings":{"template":"highway","default_image_id":0,"font":"","enabled":false},"version":2}},"categories":[28],"tags":[],"class_list":["post-68689","post","type-post","status-publish","format-standard","has-post-thumbnail","hentry","category-internacional"],"jetpack_publicize_connections":[],"jetpack_featured_media_url":"https:\/\/i0.wp.com\/politicosaldesnudo.com.mx\/wp-content\/uploads\/2025\/08\/NOBO.jpg?fit=767%2C519&ssl=1","jetpack-related-posts":[],"jetpack_sharing_enabled":true,"_links":{"self":[{"href":"https:\/\/politicosaldesnudo.com.mx\/index.php\/wp-json\/wp\/v2\/posts\/68689","targetHints":{"allow":["GET"]}}],"collection":[{"href":"https:\/\/politicosaldesnudo.com.mx\/index.php\/wp-json\/wp\/v2\/posts"}],"about":[{"href":"https:\/\/politicosaldesnudo.com.mx\/index.php\/wp-json\/wp\/v2\/types\/post"}],"author":[{"embeddable":true,"href":"https:\/\/politicosaldesnudo.com.mx\/index.php\/wp-json\/wp\/v2\/users\/4"}],"replies":[{"embeddable":true,"href":"https:\/\/politicosaldesnudo.com.mx\/index.php\/wp-json\/wp\/v2\/comments?post=68689"}],"version-history":[{"count":0,"href":"https:\/\/politicosaldesnudo.com.mx\/index.php\/wp-json\/wp\/v2\/posts\/68689\/revisions"}],"wp:featuredmedia":[{"embeddable":true,"href":"https:\/\/politicosaldesnudo.com.mx\/index.php\/wp-json\/wp\/v2\/media\/68690"}],"wp:attachment":[{"href":"https:\/\/politicosaldesnudo.com.mx\/index.php\/wp-json\/wp\/v2\/media?parent=68689"}],"wp:term":[{"taxonomy":"category","embeddable":true,"href":"https:\/\/politicosaldesnudo.com.mx\/index.php\/wp-json\/wp\/v2\/categories?post=68689"},{"taxonomy":"post_tag","embeddable":true,"href":"https:\/\/politicosaldesnudo.com.mx\/index.php\/wp-json\/wp\/v2\/tags?post=68689"}],"curies":[{"name":"wp","href":"https:\/\/api.w.org\/{rel}","templated":true}]}}