{"id":68692,"date":"2025-08-13T00:18:36","date_gmt":"2025-08-13T06:18:36","guid":{"rendered":"https:\/\/politicosaldesnudo.com.mx\/?p=68692"},"modified":"2025-08-12T23:24:56","modified_gmt":"2025-08-13T05:24:56","slug":"rubio-habla-con-lavrov-y-putin-con-kim-jong-un-previo-a-la-cumbre-en-alaska","status":"publish","type":"post","link":"https:\/\/politicosaldesnudo.com.mx\/index.php\/2025\/08\/13\/rubio-habla-con-lavrov-y-putin-con-kim-jong-un-previo-a-la-cumbre-en-alaska\/","title":{"rendered":"Rubio habla con Lavrov y Putin con Kim Jong-un, previo a la cumbre en Alaska"},"content":{"rendered":"<p class=\"nota-justify\">El secretario de Estado de Estados Unidos, Marco Rubio, habl\u00f3 por tel\u00e9fono este martes con su hom\u00f3logo ruso, Sergu\u00e9i Lavrov, para preparar la cumbre en Alaska entre los presidentes Donald Trump y Vladimir Putin, inform\u00f3 el Departamento de Estado.<\/p>\n<p class=\"nota-justify\">\u00abAmbas partes confirmaron su compromiso con el \u00e9xito\u00bb de la cumbre, declar\u00f3 a periodistas la portavoz del Departamento de Estado, Tammy Bruce.<\/p>\n<p class=\"nota-justify\">Mientras que el presidente de Rusia, Vlad\u00edmir Putin, y el l\u00edder de Corea del Norte, Kim Jong-un, abordaron en una conversaci\u00f3n telef\u00f3nica el futuro encuentro entre los mandatarios en Alaska, inform\u00f3 este martes el servicio de prensa del Kremlin.<\/p>\n<p class=\"nota-justify\">\u201cEl presidente de Rusia tambi\u00e9n comparti\u00f3 con Kim Jong-un informaci\u00f3n en el contexto de las pr\u00f3ximas conversaciones con el mandatario Donald Trump\u00bb, se\u00f1ala el comunicado\u200b\u200b\u200b.<\/p>\n<p class=\"nota-justify\">El pasado 8 de agosto Trump anunci\u00f3 que se reunir\u00eda con su hom\u00f3logo ruso el pr\u00f3ximo 15 de agosto en Alaska. Este martes, la Casa Blanca revel\u00f3 que el encuentro tendr\u00eda lugar en la ciudad de Anchorage. El Kremlin destac\u00f3 que Putin y Kim Jong-un tambi\u00e9n acordaron continuar con los contactos personales.<\/p>\n","protected":false},"excerpt":{"rendered":"<p>El secretario de Estado de Estados Unidos, Marco Rubio, habl\u00f3 por tel\u00e9fono este martes con su hom\u00f3logo ruso, Sergu\u00e9i Lavrov,<\/p>\n","protected":false},"author":4,"featured_media":68693,"comment_status":"closed","ping_status":"closed","sticky":false,"template":"","format":"standard","meta":{"colormag_page_container_layout":"default_layout","colormag_page_sidebar_layout":"default_layout","_jetpack_memberships_contains_paid_content":false,"footnotes":"","jetpack_publicize_message":"","jetpack_publicize_feature_enabled":true,"jetpack_social_post_already_shared":true,"jetpack_social_options":{"image_generator_settings":{"template":"highway","default_image_id":0,"font":"","enabled":false},"version":2}},"categories":[28],"tags":[],"class_list":["post-68692","post","type-post","status-publish","format-standard","has-post-thumbnail","hentry","category-internacional"],"jetpack_publicize_connections":[],"jetpack_featured_media_url":"https:\/\/i0.wp.com\/politicosaldesnudo.com.mx\/wp-content\/uploads\/2025\/08\/PUTI.jpg?fit=773%2C506&ssl=1","jetpack-related-posts":[],"jetpack_sharing_enabled":true,"_links":{"self":[{"href":"https:\/\/politicosaldesnudo.com.mx\/index.php\/wp-json\/wp\/v2\/posts\/68692","targetHints":{"allow":["GET"]}}],"collection":[{"href":"https:\/\/politicosaldesnudo.com.mx\/index.php\/wp-json\/wp\/v2\/posts"}],"about":[{"href":"https:\/\/politicosaldesnudo.com.mx\/index.php\/wp-json\/wp\/v2\/types\/post"}],"author":[{"embeddable":true,"href":"https:\/\/politicosaldesnudo.com.mx\/index.php\/wp-json\/wp\/v2\/users\/4"}],"replies":[{"embeddable":true,"href":"https:\/\/politicosaldesnudo.com.mx\/index.php\/wp-json\/wp\/v2\/comments?post=68692"}],"version-history":[{"count":0,"href":"https:\/\/politicosaldesnudo.com.mx\/index.php\/wp-json\/wp\/v2\/posts\/68692\/revisions"}],"wp:featuredmedia":[{"embeddable":true,"href":"https:\/\/politicosaldesnudo.com.mx\/index.php\/wp-json\/wp\/v2\/media\/68693"}],"wp:attachment":[{"href":"https:\/\/politicosaldesnudo.com.mx\/index.php\/wp-json\/wp\/v2\/media?parent=68692"}],"wp:term":[{"taxonomy":"category","embeddable":true,"href":"https:\/\/politicosaldesnudo.com.mx\/index.php\/wp-json\/wp\/v2\/categories?post=68692"},{"taxonomy":"post_tag","embeddable":true,"href":"https:\/\/politicosaldesnudo.com.mx\/index.php\/wp-json\/wp\/v2\/tags?post=68692"}],"curies":[{"name":"wp","href":"https:\/\/api.w.org\/{rel}","templated":true}]}}