{"id":68707,"date":"2025-08-13T00:21:43","date_gmt":"2025-08-13T06:21:43","guid":{"rendered":"https:\/\/politicosaldesnudo.com.mx\/?p=68707"},"modified":"2025-08-12T23:40:55","modified_gmt":"2025-08-13T05:40:55","slug":"postales-del-desabasto","status":"publish","type":"post","link":"https:\/\/politicosaldesnudo.com.mx\/index.php\/2025\/08\/13\/postales-del-desabasto\/","title":{"rendered":"Postales del desabasto"},"content":{"rendered":"<p>Uno de los principales problemas que ha evidenciado la incapacidad y en buena medida la corrupci\u00f3n del actual r\u00e9gimen es el del desabasto de medicamentos. Y no es cualquier problema. Es uno que cuesta vidas.<\/p>\n<p>El pasado domingo, cientos de personas marcharon en la Ciudad de M\u00e9xico y otras ciudades del pa\u00eds para exigir acceso a medicamentos. No fue una manifestaci\u00f3n partidista, aunque algunos pol\u00edticos de oposici\u00f3n se sumaron, as\u00ed como en su momento quienes hoy gobiernan se sumaron a otras manifestaciones civiles cuando no estaban en el poder. Pero fue en lo general una marcha de enfermos, madres, activistas y ciudadanos, muchos de los cuales han visto morir a sus hijos, padres o parejas por la falta de f\u00e1rmacos oncol\u00f3gicos, antibi\u00f3ticos y anest\u00e9sicos en hospitales p\u00fablicos. \u201cQueremos medicinas\u201d, fue el llamado y la consigna.<\/p>\n<p>Con la ausencia de empat\u00eda y la mezquindad que la caracteriza, usando ese tonito burl\u00f3n indigno de quien tiene la m\u00e1s alta responsabilidad en este pa\u00eds, la presidenta Claudia Sheinbaum descalific\u00f3 la movilizaci\u00f3n al sugerir que estaba encabezada por la diputada panista Margarita Zavala. Eso, para no atender el fondo del reclamo y salirse por la tangente. Como si la presencia de la pol\u00edtica opositora \u2013quien se present\u00f3 motu proprio y no fue organizadora- fuera suficiente para negar la realidad o desvirtuar la demanda.<\/p>\n<p>La movilizaci\u00f3n del domingo 10 de agosto fue convocada por la organizaci\u00f3n civil Nariz Roja AC y replicada en m\u00e1s de diez ciudades. En el \u00c1ngel de la Independencia, familias con ni\u00f1os enfermos portaban peluches y pancartas que dec\u00edan \u201cel c\u00e1ncer no espera\u201d, \u201cno m\u00e1s mentiras, queremos medicina\u201d, \u201cnuestros ni\u00f1os est\u00e1n muriendo\u201d.<\/p>\n<p>No hubo banderas partidistas ni consignas electorales. Lo que hubo fue una exigencia leg\u00edtima: que el Estado cumpla con su obligaci\u00f3n constitucional de garantizar el derecho a la salud. Palabras que seguro no fueron del agrado de la inquilina de Palacio Nacional cuya respuesta fue, como siempre, la descalificaci\u00f3n. Porque de soluciones, nada.<\/p>\n<p>Este martes, la gobernadora de Veracruz Roc\u00edo Nahle se encontr\u00f3 de frente con el contraste entre el discurso y la cruda realidad: por un error de log\u00edstica, durante una gira arrib\u00f3 a un hospital donde no estaba previsto que llegara en el municipio de Zongolica. Lo que se encontr\u00f3 fue un desabasto del 80 por ciento de los medicamentos.<\/p>\n<p>A donde la mandataria deb\u00eda haber llegado era al hospital del IMSS Bienestar de Tlaquilpa, en la misma sierra ind\u00edgena de Zongolica, en donde le esperaba un nosocomio con un abasto al 92 por ciento. Pero en el hospital del IMSS en Zongolica, los m\u00e9dicos le informaron que solo contaban con 45 de las 195 claves de medicamentos requeridas.<\/p>\n<p>La gobernadora se comunic\u00f3 con el titular del IMSS Bienestar en Veracruz, Roberto Ramos Alor \u2013quien fue nombrado en ese cargo por su recomendaci\u00f3n, pero cuya incapacidad y corrupci\u00f3n son antol\u00f3gicas- quien le se\u00f1al\u00f3 que los insumos m\u00e9dicos hab\u00edan sido enviados al hospital que ella no visit\u00f3, lo que evidenci\u00f3 de manera vergonzosa que el abasto solo se concentra en los centros de salud por donde pasan los funcionarios a tomarse la foto.<\/p>\n<p>Tambi\u00e9n fue exhibido que el discurso de cobertura total no resiste una visita no programada \u2013algo que los usuarios de esos servicios saben bien, porque lo padecen diariamente-, y que el sistema de salud en zonas rurales sigue dependiendo de improvisaciones, transferencias de emergencia y promesas de buena voluntad.<\/p>\n<p>No se trata solo de un retraso log\u00edstico ni es, como pretenden hacer creer, una campa\u00f1a de desprestigio. El desabasto afecta a millones de mexicanos, especialmente a pacientes con enfermedades cr\u00f3nicas. Y en lugar de asumir su responsabilidad, el gobierno descalifica a quienes protestan, minimiza los reclamos y presume cifras que solo existen en sus peroratas.<\/p>\n<p>Lo m\u00e1s grave no es solo la falta de medicinas, sino la incapacidad institucional para reconocer el problema sin descalificar a quienes lo denuncian y actuar con un gramo de sensibilidad.<\/p>\n<p>Y eso est\u00e1 matando a miles y miles de hombres, mujeres y ni\u00f1os de este pa\u00eds.<\/p>\n<p><img data-recalc-dims=\"1\" loading=\"lazy\" decoding=\"async\" class=\"aligncenter size-full wp-image-68552\" src=\"https:\/\/i0.wp.com\/politicosaldesnudo.com.mx\/wp-content\/uploads\/2025\/08\/FIRMA-EDITORIAL-PD-3.jpg?resize=800%2C98&#038;ssl=1\" alt=\"\" width=\"800\" height=\"98\" srcset=\"https:\/\/i0.wp.com\/politicosaldesnudo.com.mx\/wp-content\/uploads\/2025\/08\/FIRMA-EDITORIAL-PD-3.jpg?w=1024&amp;ssl=1 1024w, https:\/\/i0.wp.com\/politicosaldesnudo.com.mx\/wp-content\/uploads\/2025\/08\/FIRMA-EDITORIAL-PD-3.jpg?resize=300%2C37&amp;ssl=1 300w, https:\/\/i0.wp.com\/politicosaldesnudo.com.mx\/wp-content\/uploads\/2025\/08\/FIRMA-EDITORIAL-PD-3.jpg?resize=768%2C94&amp;ssl=1 768w\" sizes=\"auto, (max-width: 800px) 100vw, 800px\" \/><\/p>\n","protected":false},"excerpt":{"rendered":"<p>Uno de los principales problemas que ha evidenciado la incapacidad y en buena medida la corrupci\u00f3n del actual r\u00e9gimen es<\/p>\n","protected":false},"author":4,"featured_media":46001,"comment_status":"closed","ping_status":"closed","sticky":false,"template":"","format":"standard","meta":{"colormag_page_container_layout":"default_layout","colormag_page_sidebar_layout":"default_layout","_jetpack_memberships_contains_paid_content":false,"footnotes":"","jetpack_publicize_message":"","jetpack_publicize_feature_enabled":true,"jetpack_social_post_already_shared":true,"jetpack_social_options":{"image_generator_settings":{"template":"highway","default_image_id":0,"font":"","enabled":false},"version":2}},"categories":[26],"tags":[],"class_list":["post-68707","post","type-post","status-publish","format-standard","has-post-thumbnail","hentry","category-columnistas"],"jetpack_publicize_connections":[],"jetpack_featured_media_url":"https:\/\/i0.wp.com\/politicosaldesnudo.com.mx\/wp-content\/uploads\/2024\/09\/RUBICA-2.jpg?fit=800%2C445&ssl=1","jetpack-related-posts":[],"jetpack_sharing_enabled":true,"_links":{"self":[{"href":"https:\/\/politicosaldesnudo.com.mx\/index.php\/wp-json\/wp\/v2\/posts\/68707","targetHints":{"allow":["GET"]}}],"collection":[{"href":"https:\/\/politicosaldesnudo.com.mx\/index.php\/wp-json\/wp\/v2\/posts"}],"about":[{"href":"https:\/\/politicosaldesnudo.com.mx\/index.php\/wp-json\/wp\/v2\/types\/post"}],"author":[{"embeddable":true,"href":"https:\/\/politicosaldesnudo.com.mx\/index.php\/wp-json\/wp\/v2\/users\/4"}],"replies":[{"embeddable":true,"href":"https:\/\/politicosaldesnudo.com.mx\/index.php\/wp-json\/wp\/v2\/comments?post=68707"}],"version-history":[{"count":0,"href":"https:\/\/politicosaldesnudo.com.mx\/index.php\/wp-json\/wp\/v2\/posts\/68707\/revisions"}],"wp:featuredmedia":[{"embeddable":true,"href":"https:\/\/politicosaldesnudo.com.mx\/index.php\/wp-json\/wp\/v2\/media\/46001"}],"wp:attachment":[{"href":"https:\/\/politicosaldesnudo.com.mx\/index.php\/wp-json\/wp\/v2\/media?parent=68707"}],"wp:term":[{"taxonomy":"category","embeddable":true,"href":"https:\/\/politicosaldesnudo.com.mx\/index.php\/wp-json\/wp\/v2\/categories?post=68707"},{"taxonomy":"post_tag","embeddable":true,"href":"https:\/\/politicosaldesnudo.com.mx\/index.php\/wp-json\/wp\/v2\/tags?post=68707"}],"curies":[{"name":"wp","href":"https:\/\/api.w.org\/{rel}","templated":true}]}}