{"id":68709,"date":"2025-08-13T00:01:52","date_gmt":"2025-08-13T06:01:52","guid":{"rendered":"https:\/\/politicosaldesnudo.com.mx\/?p=68709"},"modified":"2025-08-13T00:01:52","modified_gmt":"2025-08-13T06:01:52","slug":"prohiben-importacion-en-favor-de-industria-zapatera","status":"publish","type":"post","link":"https:\/\/politicosaldesnudo.com.mx\/index.php\/2025\/08\/13\/prohiben-importacion-en-favor-de-industria-zapatera\/","title":{"rendered":"Proh\u00edben importaci\u00f3n en favor de industria zapatera"},"content":{"rendered":"<p><span style=\"font-family: arial, helvetica, sans-serif; font-size: 18pt;\"><strong>ALMA GRANDE<\/strong><\/span><\/p>\n<p><span style=\"font-family: arial, helvetica, sans-serif; font-size: 18pt;\"><strong>Por \u00c1ngel \u00c1lvaro Pe\u00f1a<\/strong><\/span><\/p>\n<p><span style=\"font-family: arial, helvetica, sans-serif; font-size: 18pt;\">Marcelo Ebrard, secretario de Econom\u00eda, se meti\u00f3 a la boca del lobo. Lleg\u00f3 a Guanajuato, gobernado por el PAN, un basti\u00f3n panista y corrigi\u00f3 la triste historia del municipio y la entidad en materia econ\u00f3mica.<\/span><\/p>\n<p><span style=\"font-family: arial, helvetica, sans-serif; font-size: 18pt;\">Frente a los empresarios de piel, en Le\u00f3n, tambi\u00e9n llamada la Capital Mundial del Calzado, anunci\u00f3 un decreto presidencial que<strong>\u00a0<\/strong>proh\u00edbe la importaci\u00f3n de calzado terminado, con el objetivo de frenar la competencia desleal y fortalecer a la industria nacional.<\/span><\/p>\n<p><span style=\"font-family: arial, helvetica, sans-serif; font-size: 18pt;\">Durante la presentaci\u00f3n del Polo de Desarrollo Puerta del Baj\u00edo, Ebrard tom\u00f3 Guanajuato, donde el trabajo de artesanos, fabricantes y dise\u00f1adores de piel, principalmente zapatos, han sido marginados del desarrollo y no s\u00f3lo eso, agredidos con la importaci\u00f3n de art\u00edculos similares, de mala calidad y a un muy bajo precio, tanto que puso en peligro de quiebra total esta industria.<\/span><\/p>\n<p><span style=\"font-family: arial, helvetica, sans-serif; font-size: 18pt;\">El secretario de Econom\u00eda, destac\u00f3 que el gobierno federal otorgar\u00e1 el m\u00e1s alto grado de incentivo fiscal a las empresas que se instalen en este complejo respecto a cualquier competidor, incluso en el exterior.<\/span><\/p>\n<p><span style=\"font-family: arial, helvetica, sans-serif; font-size: 18pt;\">Y anunci\u00f3 que el gobierno de M\u00e9xico adoptar\u00e1 una medida decisiva para blindar a la industria nacional del calzado frente a pr\u00e1cticas desleales de comercio.<\/span><\/p>\n<p><span style=\"font-family: arial, helvetica, sans-serif; font-size: 18pt;\">En Le\u00f3n, inform\u00f3 que en los pr\u00f3ximos d\u00edas se publicar\u00e1 un decreto presidencial que prohibir\u00e1 la importaci\u00f3n temporal de calzado terminado a trav\u00e9s del programa IMMEX, utilizado indebidamente para introducir mercanc\u00eda asi\u00e1tica que evade impuestos y aranceles.<\/span><\/p>\n<p><span style=\"font-family: arial, helvetica, sans-serif; font-size: 18pt;\">Esta decisi\u00f3n responde a la instrucci\u00f3n directa de la presidenta Claudia Sheinbaum para proteger el empleo y la econom\u00eda local.<\/span><\/p>\n<p><span style=\"font-family: arial, helvetica, sans-serif; font-size: 18pt;\">La industria del calzado en M\u00e9xico, reconocida por su tradici\u00f3n y calidad, genera m\u00e1s de 130 mil empleos directos y miles m\u00e1s de forma indirecta.\u00a0<\/span><\/p>\n<p><span style=\"font-family: arial, helvetica, sans-serif; font-size: 18pt;\">Guanajuato concentra el mayor n\u00famero de productores y exportadores, siendo Le\u00f3n la capital zapatera del pa\u00eds. Sin embargo, la competencia desleal por importaciones sin aranceles ha presionado m\u00e1rgenes y reducido la producci\u00f3n, poniendo en riesgo la sustentabilidad de cientos de empresas familiares.<\/span><\/p>\n<p><span style=\"font-family: arial, helvetica, sans-serif; font-size: 18pt;\">Esta estrategia es solo el primer paso de una estrategia m\u00e1s amplia para modernizar el sector, fortalecer las marcas nacionales y abrir nuevos mercados internacionales bajo condiciones justas de competencia.<\/span><\/p>\n<p><span style=\"font-family: arial, helvetica, sans-serif; font-size: 18pt;\">A pesar de considerarse un basti\u00f3n panista porque Guanajuato es gobernado por ese partido ininterrumpidamente desde 1991, con el llamado gobernador con sotana, Carlos Medina Plascencia, producto de una concertacesi\u00f3n con el PRI, partido que gano en las urnas en realidad. Medina encabez\u00f3 una peregrinaci\u00f3n al altar de Cristo Rey, que simboliza la resistencia cristera, en el Cerro del Cubilete, le sigui\u00f3 en el gobierno estatal una verdadera pesadilla para la industria del zapato, Vicente Fox, porque lo \u00fanico que hizo fue crear las Botas Fox, donde ten\u00eda como trabajadores a menores de edad, y ya como presidente nunca fue capaz de crear programas de recuperaci\u00f3n de la industria de la piel en la entidad.<\/span><\/p>\n<p><span style=\"font-family: arial, helvetica, sans-serif; font-size: 18pt;\">Fox impuls\u00f3 pol\u00edticas de apertura comercial y competitividad, que afectaron directamente a las empresas de este rubro, y todos los panistas que han gobernado el estado le han dado la espalda a esta actividad.<\/span><\/p>\n<p><span style=\"font-family: arial, helvetica, sans-serif; font-size: 18pt;\">Los guanajuatenses est\u00e1n a punto de dar la espalda a este partido que agoniza y el proyecto econ\u00f3mico para reactivar el estado tiene en la industria de las pieles, la punta de lanza para reactivar la econom\u00eda de toda la entidad.<\/span><\/p>\n<p><span style=\"font-family: arial, helvetica, sans-serif; font-size: 18pt;\"><strong>PEGA Y CORRE.-<\/strong> M\u00e9xico es una potencia tur\u00edstica, de continuar con el ascenso de la atracci\u00f3n de visitantes puede llegar a liderar el continente, sobre todo ahora que el turismo en el vecino pa\u00eds del norte ha muerto. En el primer semestre de 2025 M\u00e9xico acumul\u00f3 un alza de 1.6 millones de viajeros provenientes del extranjero, los cuales gastaron 3.9 por ciento m\u00e1s frente al mismo periodo de 2024, de acuerdo con datos del Inegi\u2026Esta columna se publica los lunes, mi\u00e9rcoles y viernes.<\/span><\/p>\n<p><img data-recalc-dims=\"1\" loading=\"lazy\" decoding=\"async\" class=\"aligncenter size-full wp-image-68552\" src=\"https:\/\/i0.wp.com\/politicosaldesnudo.com.mx\/wp-content\/uploads\/2025\/08\/FIRMA-EDITORIAL-PD-3.jpg?resize=800%2C98&#038;ssl=1\" alt=\"\" width=\"800\" height=\"98\" srcset=\"https:\/\/i0.wp.com\/politicosaldesnudo.com.mx\/wp-content\/uploads\/2025\/08\/FIRMA-EDITORIAL-PD-3.jpg?w=1024&amp;ssl=1 1024w, https:\/\/i0.wp.com\/politicosaldesnudo.com.mx\/wp-content\/uploads\/2025\/08\/FIRMA-EDITORIAL-PD-3.jpg?resize=300%2C37&amp;ssl=1 300w, https:\/\/i0.wp.com\/politicosaldesnudo.com.mx\/wp-content\/uploads\/2025\/08\/FIRMA-EDITORIAL-PD-3.jpg?resize=768%2C94&amp;ssl=1 768w\" sizes=\"auto, (max-width: 800px) 100vw, 800px\" \/><\/p>\n","protected":false},"excerpt":{"rendered":"<p>ALMA GRANDE Por \u00c1ngel \u00c1lvaro Pe\u00f1a Marcelo Ebrard, secretario de Econom\u00eda, se meti\u00f3 a la boca del lobo. Lleg\u00f3 a<\/p>\n","protected":false},"author":4,"featured_media":68570,"comment_status":"closed","ping_status":"closed","sticky":false,"template":"","format":"standard","meta":{"colormag_page_container_layout":"default_layout","colormag_page_sidebar_layout":"default_layout","_jetpack_memberships_contains_paid_content":false,"footnotes":"","jetpack_publicize_message":"","jetpack_publicize_feature_enabled":true,"jetpack_social_post_already_shared":true,"jetpack_social_options":{"image_generator_settings":{"template":"highway","default_image_id":0,"font":"","enabled":false},"version":2}},"categories":[26],"tags":[],"class_list":["post-68709","post","type-post","status-publish","format-standard","has-post-thumbnail","hentry","category-columnistas"],"jetpack_publicize_connections":[],"jetpack_featured_media_url":"https:\/\/i0.wp.com\/politicosaldesnudo.com.mx\/wp-content\/uploads\/2025\/08\/BANNER-LOPEZ-DORIGA-DIGITAL-1.jpg?fit=800%2C445&ssl=1","jetpack-related-posts":[],"jetpack_sharing_enabled":true,"_links":{"self":[{"href":"https:\/\/politicosaldesnudo.com.mx\/index.php\/wp-json\/wp\/v2\/posts\/68709","targetHints":{"allow":["GET"]}}],"collection":[{"href":"https:\/\/politicosaldesnudo.com.mx\/index.php\/wp-json\/wp\/v2\/posts"}],"about":[{"href":"https:\/\/politicosaldesnudo.com.mx\/index.php\/wp-json\/wp\/v2\/types\/post"}],"author":[{"embeddable":true,"href":"https:\/\/politicosaldesnudo.com.mx\/index.php\/wp-json\/wp\/v2\/users\/4"}],"replies":[{"embeddable":true,"href":"https:\/\/politicosaldesnudo.com.mx\/index.php\/wp-json\/wp\/v2\/comments?post=68709"}],"version-history":[{"count":0,"href":"https:\/\/politicosaldesnudo.com.mx\/index.php\/wp-json\/wp\/v2\/posts\/68709\/revisions"}],"wp:featuredmedia":[{"embeddable":true,"href":"https:\/\/politicosaldesnudo.com.mx\/index.php\/wp-json\/wp\/v2\/media\/68570"}],"wp:attachment":[{"href":"https:\/\/politicosaldesnudo.com.mx\/index.php\/wp-json\/wp\/v2\/media?parent=68709"}],"wp:term":[{"taxonomy":"category","embeddable":true,"href":"https:\/\/politicosaldesnudo.com.mx\/index.php\/wp-json\/wp\/v2\/categories?post=68709"},{"taxonomy":"post_tag","embeddable":true,"href":"https:\/\/politicosaldesnudo.com.mx\/index.php\/wp-json\/wp\/v2\/tags?post=68709"}],"curies":[{"name":"wp","href":"https:\/\/api.w.org\/{rel}","templated":true}]}}