{"id":6875,"date":"2022-06-23T16:43:59","date_gmt":"2022-06-23T21:43:59","guid":{"rendered":"https:\/\/politicosaldesnudo.com.mx\/?p=6875"},"modified":"2022-06-23T16:43:59","modified_gmt":"2022-06-23T21:43:59","slug":"presidente-coincide-con-el-papa-francisco-violencia-no-es-camino-para-conseguir-la-paz","status":"publish","type":"post","link":"https:\/\/politicosaldesnudo.com.mx\/index.php\/2022\/06\/23\/presidente-coincide-con-el-papa-francisco-violencia-no-es-camino-para-conseguir-la-paz\/","title":{"rendered":"Presidente coincide con el Papa Francisco: \u201cviolencia no es camino para conseguir la paz\u201d"},"content":{"rendered":"<p>&nbsp;<\/p>\n<p class=\"p1\"><span style=\"font-size: 14pt;\"><em><strong>Ciudad de M\u00e9xico.<\/strong> <\/em><strong>El presidente Andr\u00e9s Manuel L\u00f3pez Obrador respondi\u00f3 el mensaje del Papa Francisco publicado en su cuenta de Twitter<\/strong> por el reciente asesinato de dos sacerdotes jesuitas y un gu\u00eda de turistas en Urique, Chihuahua.<\/span><\/p>\n<blockquote class=\"twitter-tweet\" data-width=\"550\" data-dnt=\"true\">\n<p lang=\"es\" dir=\"ltr\">Expreso mi dolor y consternaci\u00f3n por el asesinato en <a href=\"https:\/\/twitter.com\/hashtag\/M%C3%A9xico?src=hash&amp;ref_src=twsrc%5Etfw\">#M\u00e9xico<\/a>, anteayer, de dos religiosos jesuitas y de un laico. \u00a1Cu\u00e1ntos asesinatos en M\u00e9xico! La violencia no resuelve los problemas, sino que solo aumenta los sufrimientos innecesarios.<\/p>\n<p>&mdash; Papa Francisco (@Pontifex_es) <a href=\"https:\/\/twitter.com\/Pontifex_es\/status\/1539609151134892033?ref_src=twsrc%5Etfw\">June 22, 2022<\/a><\/p><\/blockquote>\n<p><script async src=\"https:\/\/platform.twitter.com\/widgets.js\" charset=\"utf-8\"><\/script><\/p>\n<p>&nbsp;<\/p>\n<blockquote>\n<p class=\"p1\"><span style=\"font-size: 14pt;\">\u00c9l escribe un mensaje lamentando la situaci\u00f3n en M\u00e9xico. Al mismo tiempo, subrayando que la violencia no es el camino para conseguir la paz, que la violencia genera m\u00e1s violencia. (\u2026) Estamos totalmente de acuerdo\u201d<\/span><\/p>\n<\/blockquote>\n<p class=\"p1\"><span style=\"font-size: 18pt;\"><strong>Andr\u00e9s Manuel L\u00f3pez Obrador afirm\u00f3 que se realizar\u00e1 una investigaci\u00f3n a fondo sobre estos hechos y continuar\u00e1 la b\u00fasqueda de los responsables.<\/strong><\/span><\/p>\n<p>&nbsp;<\/p>\n<p class=\"p1\"><span style=\"font-size: 18pt;\"><b>HUBO UN ARREGLO<\/b><\/span><\/p>\n<p class=\"p1\"><span style=\"font-size: 14pt;\">Se considerar\u00e1 como l\u00ednea de investigaci\u00f3n un posible arreglo entre autoridades y el presunto responsable del crimen a fin de conocer toda la verdad.<\/span><\/p>\n<blockquote>\n<p class=\"p1\"><span style=\"font-size: 14pt;\">Hay que investigar porque es inaceptable y adem\u00e1s muy sospechoso que una persona as\u00ed llevara una vida tan normal, porque, de acuerdo al informe de la Fiscal\u00eda General del Estado de Chihuahua, era un patrocinador de un equipo de b\u00e9isbol con los antecedentes que ya ten\u00eda y conocido en toda la regi\u00f3n con \u00f3rdenes de aprehensi\u00f3n\u201d<\/span><\/p>\n<\/blockquote>\n<p class=\"p1\"><span style=\"font-size: 18pt;\"><strong>Por su parte, el\u00a0subsecretario de Seguridad P\u00fablica, Ricardo Mej\u00eda Berdeja, inform\u00f3 que se activ\u00f3 una c\u00e9dula de b\u00fasqueda para Jos\u00e9 \u201cN\u201d, alias El Chueco, por el delito de homicidio calificado en agravio de dos sacerdotes y un gu\u00eda tur\u00edstico.<\/strong><\/span><\/p>\n<p>&nbsp;<\/p>\n<p><img data-recalc-dims=\"1\" loading=\"lazy\" decoding=\"async\" class=\"aligncenter wp-image-6878 size-large\" src=\"https:\/\/i0.wp.com\/politicosaldesnudo.com.mx\/wp-content\/uploads\/2022\/06\/P-MUERTOSJESUITAS-1024x573.png?resize=800%2C448&#038;ssl=1\" alt=\"\" width=\"800\" height=\"448\" srcset=\"https:\/\/i0.wp.com\/politicosaldesnudo.com.mx\/wp-content\/uploads\/2022\/06\/P-MUERTOSJESUITAS.png?resize=1024%2C573&amp;ssl=1 1024w, https:\/\/i0.wp.com\/politicosaldesnudo.com.mx\/wp-content\/uploads\/2022\/06\/P-MUERTOSJESUITAS.png?resize=300%2C168&amp;ssl=1 300w, https:\/\/i0.wp.com\/politicosaldesnudo.com.mx\/wp-content\/uploads\/2022\/06\/P-MUERTOSJESUITAS.png?resize=768%2C430&amp;ssl=1 768w, https:\/\/i0.wp.com\/politicosaldesnudo.com.mx\/wp-content\/uploads\/2022\/06\/P-MUERTOSJESUITAS.png?resize=1536%2C859&amp;ssl=1 1536w, https:\/\/i0.wp.com\/politicosaldesnudo.com.mx\/wp-content\/uploads\/2022\/06\/P-MUERTOSJESUITAS.png?w=1816&amp;ssl=1 1816w, https:\/\/i0.wp.com\/politicosaldesnudo.com.mx\/wp-content\/uploads\/2022\/06\/P-MUERTOSJESUITAS.png?w=1600&amp;ssl=1 1600w\" sizes=\"auto, (max-width: 800px) 100vw, 800px\" \/><\/p>\n<p>&nbsp;<\/p>\n<p class=\"p1\"><span style=\"font-size: 18pt;\"><strong>La Secretar\u00eda de Seguridad y Protecci\u00f3n Ciudadana emiti\u00f3 una boleta de b\u00fasqueda y localizaci\u00f3n contra el presunto homicida.<\/strong><\/span><\/p>\n<p>&nbsp;<\/p>\n<p><img data-recalc-dims=\"1\" loading=\"lazy\" decoding=\"async\" class=\"aligncenter wp-image-6877 size-large\" src=\"https:\/\/i0.wp.com\/politicosaldesnudo.com.mx\/wp-content\/uploads\/2022\/06\/P-ELCHUECO-1-1024x573.png?resize=800%2C448&#038;ssl=1\" alt=\"\" width=\"800\" height=\"448\" srcset=\"https:\/\/i0.wp.com\/politicosaldesnudo.com.mx\/wp-content\/uploads\/2022\/06\/P-ELCHUECO-1.png?resize=1024%2C573&amp;ssl=1 1024w, https:\/\/i0.wp.com\/politicosaldesnudo.com.mx\/wp-content\/uploads\/2022\/06\/P-ELCHUECO-1.png?resize=300%2C168&amp;ssl=1 300w, https:\/\/i0.wp.com\/politicosaldesnudo.com.mx\/wp-content\/uploads\/2022\/06\/P-ELCHUECO-1.png?resize=768%2C430&amp;ssl=1 768w, https:\/\/i0.wp.com\/politicosaldesnudo.com.mx\/wp-content\/uploads\/2022\/06\/P-ELCHUECO-1.png?resize=1536%2C859&amp;ssl=1 1536w, https:\/\/i0.wp.com\/politicosaldesnudo.com.mx\/wp-content\/uploads\/2022\/06\/P-ELCHUECO-1.png?w=1816&amp;ssl=1 1816w, https:\/\/i0.wp.com\/politicosaldesnudo.com.mx\/wp-content\/uploads\/2022\/06\/P-ELCHUECO-1.png?w=1600&amp;ssl=1 1600w\" sizes=\"auto, (max-width: 800px) 100vw, 800px\" \/><\/p>\n<p>&nbsp;<\/p>\n<p class=\"p1\"><span style=\"font-size: 18pt;\"><strong>Ricardo Mej\u00eda Berdeja anunci\u00f3 que la Fiscal\u00eda General de Justicia de Chihuahua ofrece una recompensa de hasta cinco millones de pesos a quien aporte informaci\u00f3n veraz, eficaz y \u00fatil para su captura. Adem\u00e1s, una alerta migratoria impedir\u00e1 que el posible victimario salga del pa\u00eds.<\/strong><\/span><\/p>\n<p class=\"p1\"><span style=\"font-size: 18pt;\"><strong>Los cuerpos de los fallecidos ya fueron recuperados tras el despliegue de elementos federales, estatales y municipales.<\/strong><\/span><\/p>\n<p>&nbsp;<\/p>\n<p><img data-recalc-dims=\"1\" loading=\"lazy\" decoding=\"async\" class=\"aligncenter wp-image-6879\" src=\"https:\/\/i0.wp.com\/politicosaldesnudo.com.mx\/wp-content\/uploads\/2022\/06\/FV81eAVWQAQS5KA-656x1024.jpeg?resize=400%2C624&#038;ssl=1\" alt=\"\" width=\"400\" height=\"624\" srcset=\"https:\/\/i0.wp.com\/politicosaldesnudo.com.mx\/wp-content\/uploads\/2022\/06\/FV81eAVWQAQS5KA.jpeg?resize=656%2C1024&amp;ssl=1 656w, https:\/\/i0.wp.com\/politicosaldesnudo.com.mx\/wp-content\/uploads\/2022\/06\/FV81eAVWQAQS5KA.jpeg?resize=192%2C300&amp;ssl=1 192w, https:\/\/i0.wp.com\/politicosaldesnudo.com.mx\/wp-content\/uploads\/2022\/06\/FV81eAVWQAQS5KA.jpeg?resize=768%2C1199&amp;ssl=1 768w, https:\/\/i0.wp.com\/politicosaldesnudo.com.mx\/wp-content\/uploads\/2022\/06\/FV81eAVWQAQS5KA.jpeg?w=820&amp;ssl=1 820w\" sizes=\"auto, (max-width: 400px) 100vw, 400px\" \/><\/p>\n<p>&nbsp;<\/p>\n<p>&nbsp;<\/p>\n","protected":false},"excerpt":{"rendered":"<p>&nbsp; Ciudad de M\u00e9xico. El presidente Andr\u00e9s Manuel L\u00f3pez Obrador respondi\u00f3 el mensaje del Papa Francisco publicado en su cuenta<\/p>\n","protected":false},"author":4,"featured_media":6876,"comment_status":"closed","ping_status":"closed","sticky":false,"template":"","format":"standard","meta":{"colormag_page_container_layout":"default_layout","colormag_page_sidebar_layout":"default_layout","_jetpack_memberships_contains_paid_content":false,"footnotes":"","jetpack_publicize_message":"","jetpack_publicize_feature_enabled":true,"jetpack_social_post_already_shared":false,"jetpack_social_options":{"image_generator_settings":{"template":"highway","default_image_id":0,"font":"","enabled":false},"version":2}},"categories":[33],"tags":[95,259,144,168],"class_list":["post-6875","post","type-post","status-publish","format-standard","has-post-thumbnail","hentry","category-nacional","tag-andres-manuel-lopez-obrador","tag-papa-francisco","tag-paz","tag-violencia"],"jetpack_publicize_connections":[],"jetpack_featured_media_url":"https:\/\/i0.wp.com\/politicosaldesnudo.com.mx\/wp-content\/uploads\/2022\/06\/P-PAPA-AMLO.png?fit=1816%2C1016&ssl=1","jetpack-related-posts":[],"jetpack_sharing_enabled":true,"_links":{"self":[{"href":"https:\/\/politicosaldesnudo.com.mx\/index.php\/wp-json\/wp\/v2\/posts\/6875","targetHints":{"allow":["GET"]}}],"collection":[{"href":"https:\/\/politicosaldesnudo.com.mx\/index.php\/wp-json\/wp\/v2\/posts"}],"about":[{"href":"https:\/\/politicosaldesnudo.com.mx\/index.php\/wp-json\/wp\/v2\/types\/post"}],"author":[{"embeddable":true,"href":"https:\/\/politicosaldesnudo.com.mx\/index.php\/wp-json\/wp\/v2\/users\/4"}],"replies":[{"embeddable":true,"href":"https:\/\/politicosaldesnudo.com.mx\/index.php\/wp-json\/wp\/v2\/comments?post=6875"}],"version-history":[{"count":0,"href":"https:\/\/politicosaldesnudo.com.mx\/index.php\/wp-json\/wp\/v2\/posts\/6875\/revisions"}],"wp:featuredmedia":[{"embeddable":true,"href":"https:\/\/politicosaldesnudo.com.mx\/index.php\/wp-json\/wp\/v2\/media\/6876"}],"wp:attachment":[{"href":"https:\/\/politicosaldesnudo.com.mx\/index.php\/wp-json\/wp\/v2\/media?parent=6875"}],"wp:term":[{"taxonomy":"category","embeddable":true,"href":"https:\/\/politicosaldesnudo.com.mx\/index.php\/wp-json\/wp\/v2\/categories?post=6875"},{"taxonomy":"post_tag","embeddable":true,"href":"https:\/\/politicosaldesnudo.com.mx\/index.php\/wp-json\/wp\/v2\/tags?post=6875"}],"curies":[{"name":"wp","href":"https:\/\/api.w.org\/{rel}","templated":true}]}}