{"id":68790,"date":"2025-08-15T00:03:30","date_gmt":"2025-08-15T06:03:30","guid":{"rendered":"https:\/\/politicosaldesnudo.com.mx\/?p=68790"},"modified":"2025-08-14T20:38:10","modified_gmt":"2025-08-15T02:38:10","slug":"avanza-la-comercializacion-ganadera-en-la-expo-tuxpan-consolidada-como-la-mejor-plaza-para-sementales","status":"publish","type":"post","link":"https:\/\/politicosaldesnudo.com.mx\/index.php\/2025\/08\/15\/avanza-la-comercializacion-ganadera-en-la-expo-tuxpan-consolidada-como-la-mejor-plaza-para-sementales\/","title":{"rendered":"Avanza la comercializaci\u00f3n ganadera en la Expo Tuxpan, consolidada como la mejor plaza para sementales"},"content":{"rendered":"<p>La Expo Ganadera de Tuxpan se afianza como el principal centro de comercializaci\u00f3n de ganado en la regi\u00f3n norte de Veracruz, atrayendo a productores de diversas zonas que buscan adquirir ejemplares de alta calidad. Desde el inicio de la feria, la actividad comercial ha sido intensa, con un notable inter\u00e9s de los compradores, quienes valoran la gen\u00e9tica de los animales expuestos.<\/p>\n<p>Los ganaderos locales y de estados vecinos, que participan en el evento, se muestran optimistas y esperan cerrar ventas significativas durante la feria. \u00abEsta plaza se ha convertido en un referente para la venta de sementales. La gente sabe que aqu\u00ed va a encontrar animales de calidad, de diversas razas, que les ayudar\u00e1n a mejorar sus hatos\u00bb, coment\u00f3 un productor local. Las razas m\u00e1s demandadas son el ceb\u00fa, suizo y simbrah, reconocidas por su adaptabilidad y rendimiento en la zona.<\/p>\n<p>La Expo Tuxpan no solo destaca por su oferta comercial, sino tambi\u00e9n por el ambiente de negocios que genera. La feria propicia encuentros entre criadores, quienes intercambian conocimientos y experiencias, fortaleciendo as\u00ed a la industria ganadera de la regi\u00f3n. La calidad de los ejemplares exhibidos, resultado del arduo trabajo de los productores, es el principal factor que ha cimentado la reputaci\u00f3n de este evento.<\/p>\n<p>Con el \u00e9xito que se proyecta en esta edici\u00f3n, la Expo Ganadera de Tuxpan reafirma su posici\u00f3n como una de las exposiciones m\u00e1s importantes del estado y un motor clave para el desarrollo econ\u00f3mico del sector pecuario. La confianza de los compradores y la alta calidad de los sementales ofrecidos aseguran que la feria continuar\u00e1 siendo un evento imperdible para la ganader\u00eda de Veracruz.<\/p>\n","protected":false},"excerpt":{"rendered":"<p>La Expo Ganadera de Tuxpan se afianza como el principal centro de comercializaci\u00f3n de ganado en la regi\u00f3n norte de<\/p>\n","protected":false},"author":4,"featured_media":68791,"comment_status":"closed","ping_status":"closed","sticky":false,"template":"","format":"standard","meta":{"colormag_page_container_layout":"default_layout","colormag_page_sidebar_layout":"default_layout","_jetpack_memberships_contains_paid_content":false,"footnotes":"","jetpack_publicize_message":"","jetpack_publicize_feature_enabled":true,"jetpack_social_post_already_shared":true,"jetpack_social_options":{"image_generator_settings":{"template":"highway","default_image_id":0,"font":"","enabled":false},"version":2}},"categories":[1082],"tags":[],"class_list":["post-68790","post","type-post","status-publish","format-standard","has-post-thumbnail","hentry","category-tuxpan"],"jetpack_publicize_connections":[],"jetpack_featured_media_url":"https:\/\/i0.wp.com\/politicosaldesnudo.com.mx\/wp-content\/uploads\/2025\/08\/WhatsApp-Image-2025-08-14-at-09.43.44-copia.jpg?fit=1280%2C580&ssl=1","jetpack-related-posts":[],"jetpack_sharing_enabled":true,"_links":{"self":[{"href":"https:\/\/politicosaldesnudo.com.mx\/index.php\/wp-json\/wp\/v2\/posts\/68790","targetHints":{"allow":["GET"]}}],"collection":[{"href":"https:\/\/politicosaldesnudo.com.mx\/index.php\/wp-json\/wp\/v2\/posts"}],"about":[{"href":"https:\/\/politicosaldesnudo.com.mx\/index.php\/wp-json\/wp\/v2\/types\/post"}],"author":[{"embeddable":true,"href":"https:\/\/politicosaldesnudo.com.mx\/index.php\/wp-json\/wp\/v2\/users\/4"}],"replies":[{"embeddable":true,"href":"https:\/\/politicosaldesnudo.com.mx\/index.php\/wp-json\/wp\/v2\/comments?post=68790"}],"version-history":[{"count":0,"href":"https:\/\/politicosaldesnudo.com.mx\/index.php\/wp-json\/wp\/v2\/posts\/68790\/revisions"}],"wp:featuredmedia":[{"embeddable":true,"href":"https:\/\/politicosaldesnudo.com.mx\/index.php\/wp-json\/wp\/v2\/media\/68791"}],"wp:attachment":[{"href":"https:\/\/politicosaldesnudo.com.mx\/index.php\/wp-json\/wp\/v2\/media?parent=68790"}],"wp:term":[{"taxonomy":"category","embeddable":true,"href":"https:\/\/politicosaldesnudo.com.mx\/index.php\/wp-json\/wp\/v2\/categories?post=68790"},{"taxonomy":"post_tag","embeddable":true,"href":"https:\/\/politicosaldesnudo.com.mx\/index.php\/wp-json\/wp\/v2\/tags?post=68790"}],"curies":[{"name":"wp","href":"https:\/\/api.w.org\/{rel}","templated":true}]}}