{"id":68796,"date":"2025-08-15T00:05:24","date_gmt":"2025-08-15T06:05:24","guid":{"rendered":"https:\/\/politicosaldesnudo.com.mx\/?p=68796"},"modified":"2025-08-14T21:01:45","modified_gmt":"2025-08-15T03:01:45","slug":"en-mexico-manda-el-pueblo-claudia-sheinbaum","status":"publish","type":"post","link":"https:\/\/politicosaldesnudo.com.mx\/index.php\/2025\/08\/15\/en-mexico-manda-el-pueblo-claudia-sheinbaum\/","title":{"rendered":"En M\u00e9xico, \u201cmanda el pueblo\u201d: Claudia Sheinbaum"},"content":{"rendered":"<p class=\"nota-justify\">Tan s\u00f3lo un par de horas despu\u00e9s de que el presidente de Estados Unidos, Donald Trump, asever\u00f3 que \u00abM\u00e9xico hace lo que le decimos que hagan\u201d, la presidenta Claudia Sheinbaum Pardo respondi\u00f3 por medio de un video: \u201cY por cierto, para cualquiera que tenga alguna duda, este es un mensaje de M\u00e9xico para el Mundo: En M\u00e9xico, el pueblo manda\u201d.<\/p>\n<p class=\"nota-justify\">La mandataria no se refiri\u00f3 de manera directa a las declaraciones del magnate estadunidense, pero titul\u00f3 \u201cEn M\u00e9xico, el pueblo manda\u201d un video grabado a mediod\u00eda en el complejo cultural de la cuarta secci\u00f3n del bosque de Chapultepec, luego de difundirse las expresiones que hizo hoy el republicano.<\/p>\n<p class=\"nota-justify\">En dicho video, la presidenta Sheinbaum Pardo tambi\u00e9n destac\u00f3 las caracter\u00edsticas de este sitio, luego de encabezar un acto por el d\u00eda del cine mexicano en la sede de la Cineteca Nacional que est\u00e1 ubicada en la cuarta secci\u00f3n del bosque de Chapultepec.<\/p>\n<p class=\"nota-justify\">En distintas ocasiones, la jefa del Ejecutivo federal ha subrayado que la relaci\u00f3n con Estados Unidos se basa con el respecto de la soberan\u00eda de ambas naciones, y lo cual tambi\u00e9n ha quedado definido en la colaboraci\u00f3n en materia migratoria y el acuerdo que se trabaja con el pa\u00eds vecino en materia de seguridad.<\/p>\n<p class=\"nota-justify\">Durante su conferencia de prensa matutina de este jueves, consultada por el sobrevuelo de un dron del gobierno de Estados Unidos en la regi\u00f3n de Valle de Bravo y Tejupilco, en el estado de M\u00e9xico, la mandataria fue a petici\u00f3n del gobierno mexicano.<\/p>\n<p class=\"nota-justify\">Aclar\u00f3 que en este tipo de acciones se debe tener como caracter\u00edstica que el vuelo sea \u201cexactamente en la zona en donde se est\u00e1 pidiendo, que haya vista permanente del Gobierno de M\u00e9xico a lo que se est\u00e1 observando en ese momento y algunas otras caracter\u00edsticas como parte de la colaboraci\u00f3n y el respeto a las soberan\u00edas\u201d. Tambi\u00e9n detall\u00f3 que \u201cno tiene que ver con migraci\u00f3n la solicitud que se pidi\u00f3, sino es una de las instituciones en donde se tiene colaboraci\u00f3n y fue para una investigaci\u00f3n especial de delincuencia organizada\u201d.<\/p>\n","protected":false},"excerpt":{"rendered":"<p>Tan s\u00f3lo un par de horas despu\u00e9s de que el presidente de Estados Unidos, Donald Trump, asever\u00f3 que \u00abM\u00e9xico hace<\/p>\n","protected":false},"author":4,"featured_media":68797,"comment_status":"closed","ping_status":"closed","sticky":false,"template":"","format":"standard","meta":{"colormag_page_container_layout":"default_layout","colormag_page_sidebar_layout":"default_layout","_jetpack_memberships_contains_paid_content":false,"footnotes":"","jetpack_publicize_message":"","jetpack_publicize_feature_enabled":true,"jetpack_social_post_already_shared":true,"jetpack_social_options":{"image_generator_settings":{"template":"highway","default_image_id":0,"font":"","enabled":false},"version":2}},"categories":[33],"tags":[],"class_list":["post-68796","post","type-post","status-publish","format-standard","has-post-thumbnail","hentry","category-nacional"],"jetpack_publicize_connections":[],"jetpack_featured_media_url":"https:\/\/i0.wp.com\/politicosaldesnudo.com.mx\/wp-content\/uploads\/2025\/08\/2025-08-14_Conferencia_de_prensa_matutina_-_Palacio_Nacional__01_SLE.jpg?fit=1500%2C998&ssl=1","jetpack-related-posts":[],"jetpack_sharing_enabled":true,"_links":{"self":[{"href":"https:\/\/politicosaldesnudo.com.mx\/index.php\/wp-json\/wp\/v2\/posts\/68796","targetHints":{"allow":["GET"]}}],"collection":[{"href":"https:\/\/politicosaldesnudo.com.mx\/index.php\/wp-json\/wp\/v2\/posts"}],"about":[{"href":"https:\/\/politicosaldesnudo.com.mx\/index.php\/wp-json\/wp\/v2\/types\/post"}],"author":[{"embeddable":true,"href":"https:\/\/politicosaldesnudo.com.mx\/index.php\/wp-json\/wp\/v2\/users\/4"}],"replies":[{"embeddable":true,"href":"https:\/\/politicosaldesnudo.com.mx\/index.php\/wp-json\/wp\/v2\/comments?post=68796"}],"version-history":[{"count":0,"href":"https:\/\/politicosaldesnudo.com.mx\/index.php\/wp-json\/wp\/v2\/posts\/68796\/revisions"}],"wp:featuredmedia":[{"embeddable":true,"href":"https:\/\/politicosaldesnudo.com.mx\/index.php\/wp-json\/wp\/v2\/media\/68797"}],"wp:attachment":[{"href":"https:\/\/politicosaldesnudo.com.mx\/index.php\/wp-json\/wp\/v2\/media?parent=68796"}],"wp:term":[{"taxonomy":"category","embeddable":true,"href":"https:\/\/politicosaldesnudo.com.mx\/index.php\/wp-json\/wp\/v2\/categories?post=68796"},{"taxonomy":"post_tag","embeddable":true,"href":"https:\/\/politicosaldesnudo.com.mx\/index.php\/wp-json\/wp\/v2\/tags?post=68796"}],"curies":[{"name":"wp","href":"https:\/\/api.w.org\/{rel}","templated":true}]}}