{"id":68815,"date":"2025-08-15T00:06:44","date_gmt":"2025-08-15T06:06:44","guid":{"rendered":"https:\/\/politicosaldesnudo.com.mx\/?p=68815"},"modified":"2025-08-14T21:13:35","modified_gmt":"2025-08-15T03:13:35","slug":"campana-de-mentiras-en-mi-contra-gutierrez-luna","status":"publish","type":"post","link":"https:\/\/politicosaldesnudo.com.mx\/index.php\/2025\/08\/15\/campana-de-mentiras-en-mi-contra-gutierrez-luna\/","title":{"rendered":"Campa\u00f1a de mentiras en mi contra: Guti\u00e9rrez Luna"},"content":{"rendered":"<p class=\"nota-justify\">El presidente de la C\u00e1mara de Diputados, Sergio Guti\u00e9rrez Luna, acus\u00f3 que hay una campa\u00f1a armada en su contra basada en mentiras, luego de que ha sido se\u00f1alado junto a su esposa Diana Karina Barreras, por utilizar art\u00edculos de lujo en contra del discurso de austeridad de su partido Morena.<\/p>\n<p class=\"nota-justify\">Tan solo en una semana, el legislador y su c\u00f3nyuge subieron a sus redes sociales fotograf\u00edas en las que se les ve utilizando relojes, alhajas, calzado y ropa de marcas exclusivas por un valor de m\u00e1s de 4 millones de pesos, seg\u00fan un recuento que les hizo un acad\u00e9mico.<\/p>\n<p class=\"nota-justify\">Entrevistado al t\u00e9rmino del informe del presidente del Senado, Gerardo Fern\u00e1ndez Noro\u00f1a, Guti\u00e9rrez Luna fue interrogado sobre el tema.<\/p>\n<p class=\"nota-justify\">Esquivo, s\u00f3lo atin\u00f3 a decir que ya aclaro el caso y que se trata de una mentira armada con muchas mentiras. Pero es un tema que \u201cpara mi est\u00e1 cerrado\u201d.<\/p>\n<p class=\"nota-justify\">Dijo no tener ning\u00fan comentario que hacer al respecto y rechazo que la presidenta Claudia Sheinbaum o la dirigencia de Morena le hayan pedido alguna explicaci\u00f3n.<\/p>\n<p class=\"nota-justify\">-Pero el costo de esos art\u00edculos no corresponde con sus ingresos diputado, se le coment\u00f3.<\/p>\n<p>-Esa es una afirmaci\u00f3n falsa. Ya lo aclar\u00e9, respondi\u00f3 mientras apresuraba el paso para alejarse de la casona de Xicot\u00e9ncatl, la antigua sede del Senado.<\/p>\n","protected":false},"excerpt":{"rendered":"<p>El presidente de la C\u00e1mara de Diputados, Sergio Guti\u00e9rrez Luna, acus\u00f3 que hay una campa\u00f1a armada en su contra basada<\/p>\n","protected":false},"author":4,"featured_media":68816,"comment_status":"closed","ping_status":"closed","sticky":false,"template":"","format":"standard","meta":{"colormag_page_container_layout":"default_layout","colormag_page_sidebar_layout":"default_layout","_jetpack_memberships_contains_paid_content":false,"footnotes":"","jetpack_publicize_message":"","jetpack_publicize_feature_enabled":true,"jetpack_social_post_already_shared":true,"jetpack_social_options":{"image_generator_settings":{"template":"highway","default_image_id":0,"font":"","enabled":false},"version":2}},"categories":[33],"tags":[],"class_list":["post-68815","post","type-post","status-publish","format-standard","has-post-thumbnail","hentry","category-nacional"],"jetpack_publicize_connections":[],"jetpack_featured_media_url":"https:\/\/i0.wp.com\/politicosaldesnudo.com.mx\/wp-content\/uploads\/2025\/08\/NINA.jpg?fit=747%2C517&ssl=1","jetpack-related-posts":[],"jetpack_sharing_enabled":true,"_links":{"self":[{"href":"https:\/\/politicosaldesnudo.com.mx\/index.php\/wp-json\/wp\/v2\/posts\/68815","targetHints":{"allow":["GET"]}}],"collection":[{"href":"https:\/\/politicosaldesnudo.com.mx\/index.php\/wp-json\/wp\/v2\/posts"}],"about":[{"href":"https:\/\/politicosaldesnudo.com.mx\/index.php\/wp-json\/wp\/v2\/types\/post"}],"author":[{"embeddable":true,"href":"https:\/\/politicosaldesnudo.com.mx\/index.php\/wp-json\/wp\/v2\/users\/4"}],"replies":[{"embeddable":true,"href":"https:\/\/politicosaldesnudo.com.mx\/index.php\/wp-json\/wp\/v2\/comments?post=68815"}],"version-history":[{"count":0,"href":"https:\/\/politicosaldesnudo.com.mx\/index.php\/wp-json\/wp\/v2\/posts\/68815\/revisions"}],"wp:featuredmedia":[{"embeddable":true,"href":"https:\/\/politicosaldesnudo.com.mx\/index.php\/wp-json\/wp\/v2\/media\/68816"}],"wp:attachment":[{"href":"https:\/\/politicosaldesnudo.com.mx\/index.php\/wp-json\/wp\/v2\/media?parent=68815"}],"wp:term":[{"taxonomy":"category","embeddable":true,"href":"https:\/\/politicosaldesnudo.com.mx\/index.php\/wp-json\/wp\/v2\/categories?post=68815"},{"taxonomy":"post_tag","embeddable":true,"href":"https:\/\/politicosaldesnudo.com.mx\/index.php\/wp-json\/wp\/v2\/tags?post=68815"}],"curies":[{"name":"wp","href":"https:\/\/api.w.org\/{rel}","templated":true}]}}