{"id":68818,"date":"2025-08-15T00:07:44","date_gmt":"2025-08-15T06:07:44","guid":{"rendered":"https:\/\/politicosaldesnudo.com.mx\/?p=68818"},"modified":"2025-08-14T21:16:03","modified_gmt":"2025-08-15T03:16:03","slug":"ademas-del-socavon-intensas-lluvias-danan-oficinas-en-camara-de-diputados","status":"publish","type":"post","link":"https:\/\/politicosaldesnudo.com.mx\/index.php\/2025\/08\/15\/ademas-del-socavon-intensas-lluvias-danan-oficinas-en-camara-de-diputados\/","title":{"rendered":"Adem\u00e1s del socav\u00f3n, intensas lluvias da\u00f1an oficinas en C\u00e1mara de Diputados"},"content":{"rendered":"<p class=\"nota-justify\">Adem\u00e1s del socav\u00f3n en un patio de la C\u00e1mara de Diputados, las recientes lluvias en la Ciudad de M\u00e9xico afectaron oficinas de legisladores y dejaron al descubierto instalaciones el\u00e9ctricas subterr\u00e1neas.<\/p>\n<p class=\"nota-justify\">Se trata de fallas que ser\u00e1n reparadas, aunque no existen fondos etiquetados para ello, lo cual obligar\u00e1 a recortar algunos gastos para atender las afectaciones, indic\u00f3 el grupo parlamentario de Morena en San L\u00e1zaro.<\/p>\n<p class=\"nota-justify\">\u201cS\u00ed hay seguridad para los trabajadores y legisladores, pero las lluvias at\u00edpicas que se han presentado en estos cuatro d\u00edas recientes provocaron da\u00f1os a las instalaciones, incluso socavones, que (por fuera) se ven solo espacios de dos por un metro, pero abajo son enormes. Por la humedad y la lluvia provocaron esos socavones\u201d, afirm\u00f3 el coordinador de la bancada, Ricardo Monreal \u00c1vila.<\/p>\n<p class=\"nota-justify\">El tambi\u00e9n presidente de la Junta de Coordinaci\u00f3n Pol\u00edtica admiti\u00f3 que el fen\u00f3meno de las lluvias \u201ctambi\u00e9n puso al desnudo las instalaciones que no ten\u00edan la protecci\u00f3n ni la cama debida (de concreto) en el traslado de aguas negras, tubos e instalaciones el\u00e9ctricas. Tambi\u00e9n se da\u00f1aron oficinas de diputados, porque gote\u00f3 y se inundaron algunos pisos\u201d.<\/p>\n<p class=\"nota-justify\">Monreal indic\u00f3 que se revisa desde cu\u00e1ndo no se recubr\u00edan los techos del recinto legislativo con impermeabilizante, y estim\u00f3 que ser\u00e1 hasta la semana entrante cuando se tengan los estudios t\u00e9cnicos completos sobre los da\u00f1os a la infraestructura de la C\u00e1mara y el costo que implicar\u00e1 repararlos.<\/p>\n<p class=\"nota-justify\">\u201cNo hay un presupuesto que hayamos\u2026 nadie sab\u00eda de esto, no est\u00e1 previsto, son causas imprevistas, pero obviamente tenemos que atenderlo y debemos recortar alguna cosa de lo que s\u00ed ten\u00edamos previsto para destinarlo a atender esas fallas o da\u00f1os provocados por los acontecimientos meteorol\u00f3gicos\u201d, asegur\u00f3.<\/p>\n","protected":false},"excerpt":{"rendered":"<p>Adem\u00e1s del socav\u00f3n en un patio de la C\u00e1mara de Diputados, las recientes lluvias en la Ciudad de M\u00e9xico afectaron<\/p>\n","protected":false},"author":4,"featured_media":68819,"comment_status":"closed","ping_status":"closed","sticky":false,"template":"","format":"standard","meta":{"colormag_page_container_layout":"default_layout","colormag_page_sidebar_layout":"default_layout","_jetpack_memberships_contains_paid_content":false,"footnotes":"","jetpack_publicize_message":"","jetpack_publicize_feature_enabled":true,"jetpack_social_post_already_shared":true,"jetpack_social_options":{"image_generator_settings":{"template":"highway","default_image_id":0,"font":"","enabled":false},"version":2}},"categories":[33],"tags":[],"class_list":["post-68818","post","type-post","status-publish","format-standard","has-post-thumbnail","hentry","category-nacional"],"jetpack_publicize_connections":[],"jetpack_featured_media_url":"https:\/\/i0.wp.com\/politicosaldesnudo.com.mx\/wp-content\/uploads\/2025\/08\/CHISM.jpg?fit=766%2C510&ssl=1","jetpack-related-posts":[],"jetpack_sharing_enabled":true,"_links":{"self":[{"href":"https:\/\/politicosaldesnudo.com.mx\/index.php\/wp-json\/wp\/v2\/posts\/68818","targetHints":{"allow":["GET"]}}],"collection":[{"href":"https:\/\/politicosaldesnudo.com.mx\/index.php\/wp-json\/wp\/v2\/posts"}],"about":[{"href":"https:\/\/politicosaldesnudo.com.mx\/index.php\/wp-json\/wp\/v2\/types\/post"}],"author":[{"embeddable":true,"href":"https:\/\/politicosaldesnudo.com.mx\/index.php\/wp-json\/wp\/v2\/users\/4"}],"replies":[{"embeddable":true,"href":"https:\/\/politicosaldesnudo.com.mx\/index.php\/wp-json\/wp\/v2\/comments?post=68818"}],"version-history":[{"count":0,"href":"https:\/\/politicosaldesnudo.com.mx\/index.php\/wp-json\/wp\/v2\/posts\/68818\/revisions"}],"wp:featuredmedia":[{"embeddable":true,"href":"https:\/\/politicosaldesnudo.com.mx\/index.php\/wp-json\/wp\/v2\/media\/68819"}],"wp:attachment":[{"href":"https:\/\/politicosaldesnudo.com.mx\/index.php\/wp-json\/wp\/v2\/media?parent=68818"}],"wp:term":[{"taxonomy":"category","embeddable":true,"href":"https:\/\/politicosaldesnudo.com.mx\/index.php\/wp-json\/wp\/v2\/categories?post=68818"},{"taxonomy":"post_tag","embeddable":true,"href":"https:\/\/politicosaldesnudo.com.mx\/index.php\/wp-json\/wp\/v2\/tags?post=68818"}],"curies":[{"name":"wp","href":"https:\/\/api.w.org\/{rel}","templated":true}]}}