{"id":68821,"date":"2025-08-15T00:08:07","date_gmt":"2025-08-15T06:08:07","guid":{"rendered":"https:\/\/politicosaldesnudo.com.mx\/?p=68821"},"modified":"2025-08-14T21:18:28","modified_gmt":"2025-08-15T03:18:28","slug":"reduccion-de-la-pobreza-hazana-de-la-4t-y-vamos-por-mas-sheinbaum","status":"publish","type":"post","link":"https:\/\/politicosaldesnudo.com.mx\/index.php\/2025\/08\/15\/reduccion-de-la-pobreza-hazana-de-la-4t-y-vamos-por-mas-sheinbaum\/","title":{"rendered":"Reducci\u00f3n de la pobreza, haza\u00f1a de la 4T y vamos por m\u00e1s: Sheinbaum"},"content":{"rendered":"<p class=\"nota-justify\">Tras darse a conocer que, de 2018 a 2024, salieron de la pobreza 13.4 millones de personas en M\u00e9xico, la presidenta Claudia Sheinbaum Pardo afirm\u00f3 que se trata de una \u201chaza\u00f1a de la cuarta transformaci\u00f3n\u201d y una muestra de que el modelo de humanismo mexicano funciona. Garantiz\u00f3 que su gobierno buscar\u00e1 una mayor reducci\u00f3n, pues reconoci\u00f3 que todav\u00eda casi 30 por ciento de la poblaci\u00f3n vive sin ingresos m\u00ednimos.<\/p>\n<p class=\"nota-justify\">\u201cEsta reducci\u00f3n de la pobreza es una haza\u00f1a de la cuarta transformaci\u00f3n, demuestra que el modelo funciona porque redujo la pobreza y adem\u00e1s la desigualdad, es decir, hay mayor distribuci\u00f3n de la riqueza, \u00bfa qu\u00e9 se debe esta reducci\u00f3n? Evidentemente al incremento en el salario m\u00ednimo a los programas de bienestar y al acceso a los derechos.<\/p>\n<p class=\"nota-justify\">El Instituto Nacional de Estad\u00edstica y Geograf\u00eda (INEGI) dio a conocer el pasado mi\u00e9rcoles los resultados de la primera medici\u00f3n de la pobreza de este tipo, que realiza tras la desaparici\u00f3n del Consejo Nacional de Evaluaci\u00f3n de la Pol\u00edtica de Desarrollo Social (Coneval). Sheinbaum Pardo asegur\u00f3 que se us\u00f3 la misma metodolog\u00eda.<\/p>\n<p class=\"nota-justify\">En esta medici\u00f3n se indica que la pobreza tuvo entre 2018 y 2024 su mayor ca\u00edda de los \u00faltimos cinco sexenios, al pasar del 52.4 por ciento de la poblaci\u00f3n mexicana en pobreza que dej\u00f3 el sexenio de Carlos Salinas de Gortari (1988-1994), a 29.6 por ciento.<\/p>\n<p class=\"nota-justify\">La presidenta Claudia Sheinbaum se\u00f1al\u00f3 que en M\u00e9xico hay que estar \u201cmuy orgullosos\u2026 este indicador habla de la esencia de nuestro proyecto el humanismo, un proyecto humanista se demuestra en esto en la reducci\u00f3n de la pobreza y estamos seguros que vamos a seguir avanzando, por eso hablamos de la continuidad y el avance de la cuarta transformaci\u00f3n\u201d.<\/p>\n<p class=\"nota-justify\">Tambi\u00e9n resalt\u00f3 que entre 2008 y 2012, durante el gobierno \u201cdel espurio\u201d Felipe Calder\u00f3n, la poblaci\u00f3n en pobreza pas\u00f3 de 49.5 millones (44.4%) a 53.3 millones (45.5%). En el sexenio de Enrique Pe\u00f1a Nieto, la cifra oscil\u00f3 entre 53.3 y 55.2 millones, cerrando en 2018 con 51.9 millones (41.9%). Con L\u00f3pez Obrador, la pandemia provoc\u00f3 un alza en 2020, pero de 2018 a 2024 la pobreza baj\u00f3 de 51.9 a 38.5 millones de personas, de 41.9% a 29.6% de la poblaci\u00f3n, lo que significa que m\u00e1s de 13 millones salieron de esta condici\u00f3n. La pobreza extrema se redujo de 12.3 millones (11%) en 2008 a 7 millones (5.3%) en 2024, a pesar del crecimiento poblacional.<\/p>\n","protected":false},"excerpt":{"rendered":"<p>Tras darse a conocer que, de 2018 a 2024, salieron de la pobreza 13.4 millones de personas en M\u00e9xico, la<\/p>\n","protected":false},"author":4,"featured_media":68822,"comment_status":"closed","ping_status":"closed","sticky":false,"template":"","format":"standard","meta":{"colormag_page_container_layout":"default_layout","colormag_page_sidebar_layout":"default_layout","_jetpack_memberships_contains_paid_content":false,"footnotes":"","jetpack_publicize_message":"","jetpack_publicize_feature_enabled":true,"jetpack_social_post_already_shared":true,"jetpack_social_options":{"image_generator_settings":{"template":"highway","default_image_id":0,"font":"","enabled":false},"version":2}},"categories":[33],"tags":[],"class_list":["post-68821","post","type-post","status-publish","format-standard","has-post-thumbnail","hentry","category-nacional"],"jetpack_publicize_connections":[],"jetpack_featured_media_url":"https:\/\/i0.wp.com\/politicosaldesnudo.com.mx\/wp-content\/uploads\/2025\/08\/children-uttar_pradesh-india.jpg?fit=2000%2C1125&ssl=1","jetpack-related-posts":[],"jetpack_sharing_enabled":true,"_links":{"self":[{"href":"https:\/\/politicosaldesnudo.com.mx\/index.php\/wp-json\/wp\/v2\/posts\/68821","targetHints":{"allow":["GET"]}}],"collection":[{"href":"https:\/\/politicosaldesnudo.com.mx\/index.php\/wp-json\/wp\/v2\/posts"}],"about":[{"href":"https:\/\/politicosaldesnudo.com.mx\/index.php\/wp-json\/wp\/v2\/types\/post"}],"author":[{"embeddable":true,"href":"https:\/\/politicosaldesnudo.com.mx\/index.php\/wp-json\/wp\/v2\/users\/4"}],"replies":[{"embeddable":true,"href":"https:\/\/politicosaldesnudo.com.mx\/index.php\/wp-json\/wp\/v2\/comments?post=68821"}],"version-history":[{"count":0,"href":"https:\/\/politicosaldesnudo.com.mx\/index.php\/wp-json\/wp\/v2\/posts\/68821\/revisions"}],"wp:featuredmedia":[{"embeddable":true,"href":"https:\/\/politicosaldesnudo.com.mx\/index.php\/wp-json\/wp\/v2\/media\/68822"}],"wp:attachment":[{"href":"https:\/\/politicosaldesnudo.com.mx\/index.php\/wp-json\/wp\/v2\/media?parent=68821"}],"wp:term":[{"taxonomy":"category","embeddable":true,"href":"https:\/\/politicosaldesnudo.com.mx\/index.php\/wp-json\/wp\/v2\/categories?post=68821"},{"taxonomy":"post_tag","embeddable":true,"href":"https:\/\/politicosaldesnudo.com.mx\/index.php\/wp-json\/wp\/v2\/tags?post=68821"}],"curies":[{"name":"wp","href":"https:\/\/api.w.org\/{rel}","templated":true}]}}