{"id":68830,"date":"2025-08-15T00:11:19","date_gmt":"2025-08-15T06:11:19","guid":{"rendered":"https:\/\/politicosaldesnudo.com.mx\/?p=68830"},"modified":"2025-08-15T01:32:42","modified_gmt":"2025-08-15T07:32:42","slug":"air-canada-cancela-vuelos-debido-a-posible-huelga-a-partir-del-sabado","status":"publish","type":"post","link":"https:\/\/politicosaldesnudo.com.mx\/index.php\/2025\/08\/15\/air-canada-cancela-vuelos-debido-a-posible-huelga-a-partir-del-sabado\/","title":{"rendered":"Air Canada cancela vuelos debido a posible huelga a partir del s\u00e1bado"},"content":{"rendered":"<p>Air Canada anunci\u00f3 este jueves la suspensi\u00f3n gradual de vuelos debido a la amenaza de una huelga de tripulantes de cabina que podr\u00eda comenzar el s\u00e1bado, en plena temporada alta de viajes.<\/p>\n<p>\u201cEsta ma\u00f1ana comenzamos a suspender gradualmente las operaciones de Air Canada y Air Canada Rouge\u201d, declar\u00f3 Mark Nasr, vicepresidente ejecutivo y director de operaciones de Air Canada, en una conferencia de prensa.<\/p>\n<p>\u201cTodos los vuelos se suspender\u00e1n el s\u00e1bado por la ma\u00f1ana\u201d, a menos que se reanuden las negociaciones y se llegue a un acuerdo para entonces, apunt\u00f3.<\/p>\n<p>Air Canada, con sede en Montreal, transporta unos 130 mil pasajeros diariamente, incluidos 25 mil canadienses que podr\u00edan quedar varados en el extranjero.<\/p>\n<p>Air Canada, la aerol\u00ednea m\u00e1s grande del pa\u00eds, opera vuelos directos a 180 ciudades de todo el mundo.<\/p>\n<p>La compa\u00f1\u00eda y el sindicato que representa a diez mil auxiliares de vuelo afirmaron a principios de esta semana que las negociaciones para renovar el contrato laboral hab\u00edan llegado a un punto muerto.<\/p>\n<p>Los trabajadores exigen un aumento salarial y que se les pague por las horas que trabajan en tierra, especialmente durante el embarque, lo cual no ocurre actualmente.<\/p>\n<p>\u201cLos \u00faltimos d\u00edas de negociaciones fueron realmente muy superficiales, sin ninguna oferta sustancial\u201d, declar\u00f3 Arielle Meloul-Wechsler, jefa de recursos humanos y asuntos p\u00fablicos de Air Canada.<\/p>\n<p>\u201cNos sentimos muy mal por nuestros pasajeros; nos gustar\u00eda volver a la mesa de negociaciones y lograr un contrato\u201d, declar\u00f3 a su vez Natasha Stea, representante sindical y miembro de la tripulaci\u00f3n de vuelo.<\/p>\n<p>Los pasajeros afectados por esta disputa podr\u00e1n cambiar su vuelo sin cargo o recibir un reembolso completo, inform\u00f3 la aerol\u00ednea.<\/p>\n<p>En un mensaje que escribi\u00f3 este jueves en la red social X, la secretaria de Empleo de Canad\u00e1, Patty Hajdu, se comprometi\u00f3 a proporcionar \u201ctodos los recursos necesarios\u201d para ayudar a las partes a llegar a un acuerdo.<\/p>\n<p>La conferencia de prensa del jueves fue interrumpida por unos 15 agentes que se presentaron ante los ejecutivos con carteles con la leyenda \u201cEl trabajo no remunerado es inaceptable\u201d.<\/p>\n","protected":false},"excerpt":{"rendered":"<p>Air Canada anunci\u00f3 este jueves la suspensi\u00f3n gradual de vuelos debido a la amenaza de una huelga de tripulantes de<\/p>\n","protected":false},"author":4,"featured_media":68831,"comment_status":"closed","ping_status":"closed","sticky":false,"template":"","format":"standard","meta":{"colormag_page_container_layout":"default_layout","colormag_page_sidebar_layout":"default_layout","_jetpack_memberships_contains_paid_content":false,"footnotes":"","jetpack_publicize_message":"","jetpack_publicize_feature_enabled":true,"jetpack_social_post_already_shared":true,"jetpack_social_options":{"image_generator_settings":{"template":"highway","default_image_id":0,"font":"","enabled":false},"version":2}},"categories":[2050],"tags":[],"class_list":["post-68830","post","type-post","status-publish","format-standard","has-post-thumbnail","hentry","category-economia"],"jetpack_publicize_connections":[],"jetpack_featured_media_url":"https:\/\/i0.wp.com\/politicosaldesnudo.com.mx\/wp-content\/uploads\/2025\/08\/AIRC.jpg?fit=770%2C534&ssl=1","jetpack-related-posts":[],"jetpack_sharing_enabled":true,"_links":{"self":[{"href":"https:\/\/politicosaldesnudo.com.mx\/index.php\/wp-json\/wp\/v2\/posts\/68830","targetHints":{"allow":["GET"]}}],"collection":[{"href":"https:\/\/politicosaldesnudo.com.mx\/index.php\/wp-json\/wp\/v2\/posts"}],"about":[{"href":"https:\/\/politicosaldesnudo.com.mx\/index.php\/wp-json\/wp\/v2\/types\/post"}],"author":[{"embeddable":true,"href":"https:\/\/politicosaldesnudo.com.mx\/index.php\/wp-json\/wp\/v2\/users\/4"}],"replies":[{"embeddable":true,"href":"https:\/\/politicosaldesnudo.com.mx\/index.php\/wp-json\/wp\/v2\/comments?post=68830"}],"version-history":[{"count":0,"href":"https:\/\/politicosaldesnudo.com.mx\/index.php\/wp-json\/wp\/v2\/posts\/68830\/revisions"}],"wp:featuredmedia":[{"embeddable":true,"href":"https:\/\/politicosaldesnudo.com.mx\/index.php\/wp-json\/wp\/v2\/media\/68831"}],"wp:attachment":[{"href":"https:\/\/politicosaldesnudo.com.mx\/index.php\/wp-json\/wp\/v2\/media?parent=68830"}],"wp:term":[{"taxonomy":"category","embeddable":true,"href":"https:\/\/politicosaldesnudo.com.mx\/index.php\/wp-json\/wp\/v2\/categories?post=68830"},{"taxonomy":"post_tag","embeddable":true,"href":"https:\/\/politicosaldesnudo.com.mx\/index.php\/wp-json\/wp\/v2\/tags?post=68830"}],"curies":[{"name":"wp","href":"https:\/\/api.w.org\/{rel}","templated":true}]}}