{"id":68833,"date":"2025-08-15T00:12:51","date_gmt":"2025-08-15T06:12:51","guid":{"rendered":"https:\/\/politicosaldesnudo.com.mx\/?p=68833"},"modified":"2025-08-14T21:28:15","modified_gmt":"2025-08-15T03:28:15","slug":"aranceles-de-trump-no-han-afectado-el-transito-por-el-canal-de-panama","status":"publish","type":"post","link":"https:\/\/politicosaldesnudo.com.mx\/index.php\/2025\/08\/15\/aranceles-de-trump-no-han-afectado-el-transito-por-el-canal-de-panama\/","title":{"rendered":"Aranceles de Trump no han afectado el tr\u00e1nsito por el canal de Panam\u00e1"},"content":{"rendered":"<p class=\"nota-justify\">El administrador del canal de Panam\u00e1, Ricaurte V\u00e1squez, dijo este jueves que los aranceles que impuso a decenas de pa\u00edses el presidente de Estados Unidos, Donald Trump, no han afectado el tr\u00e1fico de buques mercantes en la v\u00eda interoce\u00e1nica.<\/p>\n<p class=\"nota-justify\">Decenas de econom\u00edas de todo el mundo enfrentan tarifas aduaneras estadunidenses m\u00e1s altas desde el 7 de agosto, al entrar en vigor los aranceles \u201crec\u00edprocos\u201d con los que Trump amenaz\u00f3 durante mucho tiempo debido a pr\u00e1cticas comerciales que considera injustas.<\/p>\n<p class=\"nota-justify\">Algunos analistas tem\u00edan que la pol\u00edtica arancelaria de Trump provocara una reducci\u00f3n en el tr\u00e1nsito de buques por el cauce paname\u00f1o, por donde circula 5 por ciento del comercio mar\u00edtimo mundial.<\/p>\n<p class=\"nota-justify\">\u201cLos resultados de este a\u00f1o fiscal van a estar dentro de lo que nosotros hab\u00edamos programado\u201d el a\u00f1o pasado, tanto en ingresos como en carga, se\u00f1al\u00f3 V\u00e1squez a la Afp.<\/p>\n<p class=\"nota-justify\">La Autoridad del Canal de Panam\u00e1 (ACP) hab\u00eda proyectado para este a\u00f1o fiscal \u2013del 1 de octubre de 2024 al 30 de septiembre de 2025\u2013 un ingreso r\u00e9cord de 5 mil 623 millones de d\u00f3lares, 12.7 por ciento m\u00e1s que el a\u00f1o previo.<\/p>\n<p class=\"nota-justify\">En el a\u00f1o fiscal anterior el canal obtuvo ingresos por 4 mil 986 millones de d\u00f3lares.<\/p>\n<p class=\"nota-justify\">Adem\u00e1s, la ACP hab\u00eda previsto que unos 13 mil 900 barcos crucen esta ruta mar\u00edtima con unas 520 millones de toneladas de carga.<\/p>\n<p class=\"nota-justify\">V\u00e1squez reconoci\u00f3 que \u201cciertamente ha habido un cambio en la composici\u00f3n del tr\u00e1fico\u201d mar\u00edtimo, pues ha habido \u201cmuchas m\u00e1s cargas manufacturadas\u201d en la primera parte del a\u00f1o fiscal.<\/p>\n<p class=\"nota-justify\">\u201cEs muy probable\u201d que con el paso del tiempo \u201cno vaya a haber el mismo volumen\u201d de carga por los aranceles, pero \u201ceso es especulativo\u201d, agreg\u00f3 el jefe de la ACP.<\/p>\n","protected":false},"excerpt":{"rendered":"<p>El administrador del canal de Panam\u00e1, Ricaurte V\u00e1squez, dijo este jueves que los aranceles que impuso a decenas de pa\u00edses<\/p>\n","protected":false},"author":4,"featured_media":68834,"comment_status":"closed","ping_status":"closed","sticky":false,"template":"","format":"standard","meta":{"colormag_page_container_layout":"default_layout","colormag_page_sidebar_layout":"default_layout","_jetpack_memberships_contains_paid_content":false,"footnotes":"","jetpack_publicize_message":"","jetpack_publicize_feature_enabled":true,"jetpack_social_post_already_shared":true,"jetpack_social_options":{"image_generator_settings":{"template":"highway","default_image_id":0,"font":"","enabled":false},"version":2}},"categories":[2050],"tags":[],"class_list":["post-68833","post","type-post","status-publish","format-standard","has-post-thumbnail","hentry","category-economia"],"jetpack_publicize_connections":[],"jetpack_featured_media_url":"https:\/\/i0.wp.com\/politicosaldesnudo.com.mx\/wp-content\/uploads\/2025\/08\/CAPAN.jpg?fit=770%2C509&ssl=1","jetpack-related-posts":[],"jetpack_sharing_enabled":true,"_links":{"self":[{"href":"https:\/\/politicosaldesnudo.com.mx\/index.php\/wp-json\/wp\/v2\/posts\/68833","targetHints":{"allow":["GET"]}}],"collection":[{"href":"https:\/\/politicosaldesnudo.com.mx\/index.php\/wp-json\/wp\/v2\/posts"}],"about":[{"href":"https:\/\/politicosaldesnudo.com.mx\/index.php\/wp-json\/wp\/v2\/types\/post"}],"author":[{"embeddable":true,"href":"https:\/\/politicosaldesnudo.com.mx\/index.php\/wp-json\/wp\/v2\/users\/4"}],"replies":[{"embeddable":true,"href":"https:\/\/politicosaldesnudo.com.mx\/index.php\/wp-json\/wp\/v2\/comments?post=68833"}],"version-history":[{"count":0,"href":"https:\/\/politicosaldesnudo.com.mx\/index.php\/wp-json\/wp\/v2\/posts\/68833\/revisions"}],"wp:featuredmedia":[{"embeddable":true,"href":"https:\/\/politicosaldesnudo.com.mx\/index.php\/wp-json\/wp\/v2\/media\/68834"}],"wp:attachment":[{"href":"https:\/\/politicosaldesnudo.com.mx\/index.php\/wp-json\/wp\/v2\/media?parent=68833"}],"wp:term":[{"taxonomy":"category","embeddable":true,"href":"https:\/\/politicosaldesnudo.com.mx\/index.php\/wp-json\/wp\/v2\/categories?post=68833"},{"taxonomy":"post_tag","embeddable":true,"href":"https:\/\/politicosaldesnudo.com.mx\/index.php\/wp-json\/wp\/v2\/tags?post=68833"}],"curies":[{"name":"wp","href":"https:\/\/api.w.org\/{rel}","templated":true}]}}