{"id":68921,"date":"2025-08-15T22:29:28","date_gmt":"2025-08-16T04:29:28","guid":{"rendered":"https:\/\/politicosaldesnudo.com.mx\/?p=68921"},"modified":"2025-08-15T22:29:28","modified_gmt":"2025-08-16T04:29:28","slug":"uv-en-el-limite-entre-la-legalidad-y-la-arbitrariedad","status":"publish","type":"post","link":"https:\/\/politicosaldesnudo.com.mx\/index.php\/2025\/08\/15\/uv-en-el-limite-entre-la-legalidad-y-la-arbitrariedad\/","title":{"rendered":"UV, en el l\u00edmite entre la legalidad y la arbitrariedad"},"content":{"rendered":"<p>La Universidad Veracruzana (UV) atraviesa una de las crisis institucionales m\u00e1s graves de su historia. La ambici\u00f3n desmedida del grupo que intenta sostener ilegalmente a Mart\u00edn Aguilar S\u00e1nchez en la rector\u00eda sin cumplir con los requisitos de ley para iniciar un nuevo periodo y, por ese motivo, buscando una burda imposici\u00f3n pseudolegal, amenaza con hundir para siempre la credibilidad y el prestigio de la llamada \u201cm\u00e1xima casa de estudios\u201d del estado.<\/p>\n<p>Las vacaciones de verano transcurrieron entre las solicitudes de amparo \u2013cinco por lo menos- que varios acad\u00e9micos e investigadores de la Universidad presentaron y que la rector\u00eda, de manera inveros\u00edmil, ha intentado desvirtuar utilizando la desinformaci\u00f3n, circulando interpretaciones malintencionadas y abiertamente falsas de la respuesta de los jueces y jugando a que no pasa nada, a que el tema de la pr\u00f3rroga de Mart\u00edn Aguilar est\u00e1 concluido y apostando a ganar tiempo y que llegue la \u201cfecha l\u00edmite\u201d del 1 de septiembre, cuando inicia el nuevo periodo rectoral, para decir \u201cconsummatum est\u201d.<\/p>\n<p>Sin embargo, todos los amparos contra la pr\u00f3rroga est\u00e1n en curso, ninguno ha sido resuelto en definitiva. El fondo de los mismos ser\u00eda abordado incluso despu\u00e9s de ese \u201cdeadline\u201d del 1 de septiembre, lo que meter\u00eda en un brete a la Universidad Veracruzana, ya que a partir de ese momento, jur\u00eddicamente Mart\u00edn Aguilar estar\u00eda usurpando la rector\u00eda.<\/p>\n<p>La muy corrupta y \u201cparchada\u201d Junta de Gobierno tiene una total y absoluta responsabilidad en todo este entuerto y por la cual, en alg\u00fan momento deber\u00e1 rendir cuentas: los alfiles de Mart\u00edn Aguilar \u2013a cambio de prebendas, privilegios y, por supuesto, plazas- han avalado la farsa ilegal de la \u201cpr\u00f3rroga\u201d directa, figura que no existe en la legislaci\u00f3n universitaria, ya que si bien se contempla como un derecho que el rector en funciones busque ampliar por un periodo su gesti\u00f3n, establece que esto se someta al escrutinio de la comunidad universitaria y que otros interesados presenten propuestas alternativas y hasta antag\u00f3nicas.<\/p>\n<p>La Junta de Gobierno, al imponer una pr\u00f3rroga sin convocatoria, sin auscultaci\u00f3n y sin competencia, ha cerrado el acceso a la participaci\u00f3n universitaria. Ha convertido un proceso plural en una decisi\u00f3n unilateral. Ha sustituido el debate por la imposici\u00f3n. Y eso, en una universidad p\u00fablica, es inaceptable. Al grado que tendr\u00eda que llegar a finc\u00e1rseles consecuencias penales a sus integrantes, que ya perdieron cualquier legitimidad para ejercer esa funci\u00f3n.<\/p>\n<p>La comunidad universitaria tiene derecho a participar en la elecci\u00f3n de sus autoridades. Tiene derecho a exigir transparencia, legalidad y respeto. Y tiene el deber de defender la autonom\u00eda frente a cualquier intento de simulaci\u00f3n o manipulaci\u00f3n. En cambio, la \u201cpandilla de Mart\u00edn\u201d ha hecho todo lo contrario, instrumentando una pantomima para apoderarse de la UV.<\/p>\n<p>Hay una salida para este embrollo. La Junta puede nombrar a un rector interino a partir del 1 de septiembre, mientras se resuelve el fondo de los amparos. Puede emitir una convocatoria tard\u00eda. Puede, incluso, rectificar su decisi\u00f3n y abrir el proceso. Lo que no puede -sin incurrir en una violaci\u00f3n flagrante a la legalidad- es ignorar el conflicto y seguir adelante como si nada ocurriera.<\/p>\n<p>La Universidad Veracruzana no es solo una instituci\u00f3n educativa. Es un espacio de pensamiento cr\u00edtico, de formaci\u00f3n ciudadana, de producci\u00f3n cient\u00edfica y de construcci\u00f3n democr\u00e1tica. Su autonom\u00eda no es un privilegio, sino una responsabilidad. Y esa responsabilidad implica respetar sus normas, sus procesos y su comunidad. La pr\u00f3rroga de Mart\u00edn Aguilar, tal como fue aprobada, representa una ruptura con ese esp\u00edritu. No se trata de continuidad, sino de legalidad y legitimidad.<\/p>\n<p>El 1 de septiembre representa el l\u00edmite entre la legalidad y la arbitrariedad. La UV debe decidir si sigue siendo una instituci\u00f3n abierta, cr\u00edtica y plural, o si se convierte en una caricatura de s\u00ed misma.<\/p>\n<p>&nbsp;<\/p>\n<p><strong>Y encima, plagiadores<\/strong><\/p>\n<p>&nbsp;<\/p>\n<p>Por si algo faltase, este jueves se dio a conocer un plagio cometido en la edici\u00f3n 2013 de la obra del escritor ruso Fiodor <strong>Dostoyevski <\/strong>\u201c<em>Memorias del subsuelo\u201d, publicada por la Editorial de la UV<\/em>. El pr\u00f3logo, firmado por Omar Vald\u00e9s Ben\u00edtez, reproduce casi \u00edntegramente un ensayo del escritor estadounidense David Foster Wallace.<\/p>\n<p>Y resulta que Omar Vald\u00e9s Ben\u00edtez ha sido el \u201cautor\u201d de los textos de los discursos p\u00fablicos de Mart\u00edn Aguilar S\u00e1nchez durante los \u00faltimos cuatro a\u00f1os. Adem\u00e1s de que, dicen los que saben, a pesar de que cobra en rector\u00eda, nunca va.<\/p>\n<p>Habr\u00eda que preguntarse, dado que durante toda la gesti\u00f3n de Mart\u00edn Aguilar ha sido su amanuense, \u00bflos discursos son originales o tambi\u00e9n se los pirate\u00f3?<\/p>\n<p>Es pregunta.<\/p>\n<p><img data-recalc-dims=\"1\" loading=\"lazy\" decoding=\"async\" class=\"aligncenter size-full wp-image-68917\" src=\"https:\/\/i0.wp.com\/politicosaldesnudo.com.mx\/wp-content\/uploads\/2025\/08\/FIRMA-EDITORIAL-PD-4.jpg?resize=800%2C98&#038;ssl=1\" alt=\"\" width=\"800\" height=\"98\" srcset=\"https:\/\/i0.wp.com\/politicosaldesnudo.com.mx\/wp-content\/uploads\/2025\/08\/FIRMA-EDITORIAL-PD-4.jpg?w=1024&amp;ssl=1 1024w, https:\/\/i0.wp.com\/politicosaldesnudo.com.mx\/wp-content\/uploads\/2025\/08\/FIRMA-EDITORIAL-PD-4.jpg?resize=300%2C37&amp;ssl=1 300w, https:\/\/i0.wp.com\/politicosaldesnudo.com.mx\/wp-content\/uploads\/2025\/08\/FIRMA-EDITORIAL-PD-4.jpg?resize=768%2C94&amp;ssl=1 768w\" sizes=\"auto, (max-width: 800px) 100vw, 800px\" \/><\/p>\n","protected":false},"excerpt":{"rendered":"<p>La Universidad Veracruzana (UV) atraviesa una de las crisis institucionales m\u00e1s graves de su historia. La ambici\u00f3n desmedida del grupo<\/p>\n","protected":false},"author":4,"featured_media":46001,"comment_status":"closed","ping_status":"closed","sticky":false,"template":"","format":"standard","meta":{"colormag_page_container_layout":"default_layout","colormag_page_sidebar_layout":"default_layout","_jetpack_memberships_contains_paid_content":false,"footnotes":"","jetpack_publicize_message":"","jetpack_publicize_feature_enabled":true,"jetpack_social_post_already_shared":true,"jetpack_social_options":{"image_generator_settings":{"template":"highway","default_image_id":0,"font":"","enabled":false},"version":2}},"categories":[26],"tags":[],"class_list":["post-68921","post","type-post","status-publish","format-standard","has-post-thumbnail","hentry","category-columnistas"],"jetpack_publicize_connections":[],"jetpack_featured_media_url":"https:\/\/i0.wp.com\/politicosaldesnudo.com.mx\/wp-content\/uploads\/2024\/09\/RUBICA-2.jpg?fit=800%2C445&ssl=1","jetpack-related-posts":[],"jetpack_sharing_enabled":true,"_links":{"self":[{"href":"https:\/\/politicosaldesnudo.com.mx\/index.php\/wp-json\/wp\/v2\/posts\/68921","targetHints":{"allow":["GET"]}}],"collection":[{"href":"https:\/\/politicosaldesnudo.com.mx\/index.php\/wp-json\/wp\/v2\/posts"}],"about":[{"href":"https:\/\/politicosaldesnudo.com.mx\/index.php\/wp-json\/wp\/v2\/types\/post"}],"author":[{"embeddable":true,"href":"https:\/\/politicosaldesnudo.com.mx\/index.php\/wp-json\/wp\/v2\/users\/4"}],"replies":[{"embeddable":true,"href":"https:\/\/politicosaldesnudo.com.mx\/index.php\/wp-json\/wp\/v2\/comments?post=68921"}],"version-history":[{"count":0,"href":"https:\/\/politicosaldesnudo.com.mx\/index.php\/wp-json\/wp\/v2\/posts\/68921\/revisions"}],"wp:featuredmedia":[{"embeddable":true,"href":"https:\/\/politicosaldesnudo.com.mx\/index.php\/wp-json\/wp\/v2\/media\/46001"}],"wp:attachment":[{"href":"https:\/\/politicosaldesnudo.com.mx\/index.php\/wp-json\/wp\/v2\/media?parent=68921"}],"wp:term":[{"taxonomy":"category","embeddable":true,"href":"https:\/\/politicosaldesnudo.com.mx\/index.php\/wp-json\/wp\/v2\/categories?post=68921"},{"taxonomy":"post_tag","embeddable":true,"href":"https:\/\/politicosaldesnudo.com.mx\/index.php\/wp-json\/wp\/v2\/tags?post=68921"}],"curies":[{"name":"wp","href":"https:\/\/api.w.org\/{rel}","templated":true}]}}