{"id":69008,"date":"2025-08-18T02:26:52","date_gmt":"2025-08-18T08:26:52","guid":{"rendered":"https:\/\/politicosaldesnudo.com.mx\/?p=69008"},"modified":"2025-08-18T02:26:52","modified_gmt":"2025-08-18T08:26:52","slug":"claudia-tiene-el-enemigo-en-casa","status":"publish","type":"post","link":"https:\/\/politicosaldesnudo.com.mx\/index.php\/2025\/08\/18\/claudia-tiene-el-enemigo-en-casa\/","title":{"rendered":"Claudia tiene el enemigo en casa"},"content":{"rendered":"<p><span style=\"font-family: arial, helvetica, sans-serif; font-size: 18pt;\"><strong>ALMA GRANDE<\/strong><\/span><\/p>\n<p><span style=\"font-family: arial, helvetica, sans-serif; font-size: 18pt;\"><strong>Por \u00c1ngel \u00c1lvaro Pe\u00f1a<\/strong><\/span><\/p>\n<p><span style=\"font-family: arial, helvetica, sans-serif; font-size: 18pt;\">Gracias a la bendita conferencia matutina que usted preside se\u00f1ora Presidenta desde Palacio Nacional ha sido posible abrir la esperanza de quienes hemos tenido amenazas de muerte y atentados y que a\u00fan inscritos en el Mecanismo de Protecci\u00f3n a Personas Defensoras de Derechos Humanos y Periodistas, no estamos a salvo de las agresiones contra los comunicadores.<\/span><\/p>\n<p><span style=\"font-family: arial, helvetica, sans-serif; font-size: 18pt;\">Ahora estoy tranquilo porque gracias a una denuncia de un periodista pudo darse cuenta de lo que sucede en el Mecanismo, donde no se respeta la pol\u00edtica de la 4T, porque soy un comunicador de 89 a\u00f1os, todav\u00eda en el ejercicio cotidiano de mi actividad, y se me discrimina al no otorgarme la protecci\u00f3n solicitada.<\/span><\/p>\n<p><span style=\"font-family: arial, helvetica, sans-serif; font-size: 18pt;\">Si no hubiera sido por esa conferencia de prensa del martes 12 de agosto, las posibilidades de justicia para m\u00ed, estar\u00edan todav\u00eda a la deriva.<\/span><\/p>\n<p><span style=\"font-family: arial, helvetica, sans-serif; font-size: 18pt;\">Qu\u00e9 bueno que ya lleg\u00f3 la 4T para limpiar la casa de la podredumbre que existe todav\u00eda en el Poder Judicial y que desaparecer\u00e1 el 1 de septiembre, gracias a la voluntad del pueblo.<\/span><\/p>\n<p><span style=\"font-family: arial, helvetica, sans-serif; font-size: 18pt;\">Porque la junta de Gobierno del Mecanismo pareciera estar no s\u00f3lo sobre la secretaria Rosa Icela sino sobre su voluntad, se\u00f1ora Presidenta, porque todos los d\u00edas se violentan los derechos que dicen pregonar y no son capaces de cumplir con las encomiendas que le dieron origen a esta noble tarea de proteger a defensores de derechos humanos y periodistas.<\/span><\/p>\n<p><span style=\"font-family: arial, helvetica, sans-serif; font-size: 18pt;\">Yo, en lo personal tengo a\u00f1os tratando de hacer valer mis derechos, pero gracias a que ahora usted est\u00e1 enterada de lo que sucede al interior del Mecanismo podr\u00e1 enterarse de que hay una deshumanizaci\u00f3n, el humanismo que debe identificar la pol\u00edtica de la 4T, se convierte en una cruel tragedia cada vez que asesinan a un periodista por negligencia del Mecanismo.<\/span><\/p>\n<p><span style=\"font-family: arial, helvetica, sans-serif; font-size: 18pt;\">Uno de los mayores problemas que tiene esta oficina es la gente que tiene enquistada el Mecanismo desde sexenios anteriores, que debe sacar, y no le pase lo que a la fiscal\u00eda, que por no mover los mandos medios salt\u00f3 la corruptela en esos espacios, donde el hermano de Santiago Taboada aparece como c\u00f3mplice de un grupo de delincuentes.<\/span><\/p>\n<p><span style=\"font-family: arial, helvetica, sans-serif; font-size: 18pt;\">Como se le inform\u00f3 esa ma\u00f1ana, una persona intent\u00f3 esconder sus delitos bajo la sombra del Mecanismo a pesar de ser un delincuente comprobado, con 75 evidencias en su contra y el juez, de Tapachula, Chiapas, Jonathan Francisco Izquierdo Prieto lo exoner\u00f3 sin siquiera revisarlas.<\/span><\/p>\n<p><span style=\"font-family: arial, helvetica, sans-serif; font-size: 18pt;\">Al darse a conocer el incidente fue evidente su indignaci\u00f3n que seguramente motivar\u00e1 una severa sacudida dentro del Mecanismo, refugio de a\u00f1ejos bur\u00f3cratas sin bandera ni partido, enquistados en sus escritorios desde los sexenios del neoliberalismo.<\/span><\/p>\n<p><span style=\"font-family: arial, helvetica, sans-serif; font-size: 18pt;\">La denuncia no s\u00f3lo exhibe la podredumbre que hay en el Mecanismo, sino que explica las causas de la urgencia de una reforma al Poder Judicial que hac\u00eda mucho da\u00f1o al pa\u00eds.<\/span><\/p>\n<p><span style=\"font-family: arial, helvetica, sans-serif; font-size: 18pt;\">El subsecretario de Derechos Humanos, Poblaci\u00f3n y Migraci\u00f3n, Arturo Medina, jefe de la actual responsable del Mecanismo, Tobyanne Ledesma Rivera, dijo que el Gobierno de M\u00e9xico trabaja todos los d\u00edas en favor de la libertad de expresi\u00f3n de periodistas y comunicadores. Lo cual es desmentido por la realidad cada vez que asesinan a un periodista.<\/span><\/p>\n<p><span style=\"font-family: arial, helvetica, sans-serif; font-size: 18pt;\">En esa misma conferencia ante usted, la secretaria de Gobernaci\u00f3n, Rosa Icela Rodr\u00edguez, se\u00f1al\u00f3: \u201cCualquier persona que se acerca al Mecanismo de Protecci\u00f3n siempre le damos las atenciones, as\u00ed como a aquellos periodistas que lo soliciten, para eso es el Mecanismo\u201d.<\/span><\/p>\n<p><span style=\"font-family: arial, helvetica, sans-serif; font-size: 18pt;\">Declaraci\u00f3n que nada tiene que ver con la realidad porque en nombre de la austeridad dejan afuera a personas vulnerables y expuestas, como sucede en mi caso, se retir\u00f3 a los escoltas, tengo bot\u00f3n de p\u00e1nico que no sirve para nada, luego de que fue asesinado uno de mis escoltas y la causa que esgrimieron las autoridades policiacas, sin investigar, fue que se trataba de un robo de autom\u00f3vil.<\/span><\/p>\n<p><span style=\"font-family: arial, helvetica, sans-serif; font-size: 18pt;\">Para darle soporte al retiro de la protecci\u00f3n la Junta de Gobierno del Mecanismo, en ese entonces encabezada por Jorge Ruiz y Aar\u00f3n Mastache, apoyaron dicha versi\u00f3n \u201coficial\u201d del homicidio.<\/span><\/p>\n<p><span style=\"font-family: arial, helvetica, sans-serif; font-size: 18pt;\">Al retirarme el servicio me ampar\u00e9 y el fall\u00f3 fue a mi favor, posteriormente regresaron la protecci\u00f3n dos a\u00f1os, luego la volvieron a retirar, argumentando mal trato a los escoltas, cuando en realidad quienes daban santo y se\u00f1a de mi vida privada eran ellos sin que nadie les reclamara nada.<\/span><\/p>\n<p><span style=\"font-family: arial, helvetica, sans-serif; font-size: 18pt;\">De esto siempre estuvo informado Alejandro Encinas, quien desde que se hab\u00eda dado a conocer el triunfo de la 4T en junio de 2018, habl\u00e9 con \u00e9l personalmente, informando, a detalle, mi trayectoria dentro del Mecanismo.<\/span><\/p>\n<p><span style=\"font-family: arial, helvetica, sans-serif; font-size: 18pt;\">Se volvi\u00f3 a interponer un amparo, con fallo a mi favor con fecha 7 de febrero del presente a\u00f1o; sin embargo, la protecci\u00f3n no llega y el peligro es latente, poniendo en riesgo mi vida.<\/span><\/p>\n<p><span style=\"font-family: arial, helvetica, sans-serif; font-size: 18pt;\">Soy el \u00fanico periodista que se ha amparado contra el Mecanismo para que me regresen la protecci\u00f3n, he ganado los amparos y no me dan servicio, ni explicaci\u00f3n alguna.<\/span><\/p>\n<p><span style=\"font-family: arial, helvetica, sans-serif; font-size: 18pt;\">Soy el decano de los periodistas de Veracruz, ante esta situaci\u00f3n exijo no s\u00f3lo una explicaci\u00f3n de la burocratizada Junta de Gobierno, sino que se regrese la escolta a la que tengo derecho. Adem\u00e1s, denuncio este acto de discriminaci\u00f3n por ser un adulto mayor, ni siquiera han sido capaces de decir que no, lo cual contradice sus principios ideol\u00f3gicos, de dar prioridad a la gente mayor. Simplemente el silencio, que, proviniendo de una oficina responsable de la pol\u00edtica interna del pa\u00eds, anuncia desastres mayores por su negligencia. Espero que al informarse de lo que sucede al interior del Mecanismo, regrese no s\u00f3lo la tranquilidad\u00a0\u00a0a muchos colegas sino la esperanza de creer de nuevo en la Justicia y la legalidad.<\/span><\/p>\n<p><span style=\"font-family: arial, helvetica, sans-serif; font-size: 18pt;\"><strong>PEGA Y CORRE.-<\/strong>\u00a0La secretaria de Medio Ambiente y Recursos Naturales se\u00f1al\u00f3 que est\u00e1 lista para competir por la Secretar\u00eda General de la Organizaci\u00f3n de las Naciones Unidas\u2026Esta columna se publica los lunes, mi\u00e9rcoles y viernes.<\/span><\/p>\n<p><img data-recalc-dims=\"1\" loading=\"lazy\" decoding=\"async\" class=\"aligncenter size-full wp-image-68917\" src=\"https:\/\/i0.wp.com\/politicosaldesnudo.com.mx\/wp-content\/uploads\/2025\/08\/FIRMA-EDITORIAL-PD-4.jpg?resize=800%2C98&#038;ssl=1\" alt=\"\" width=\"800\" height=\"98\" srcset=\"https:\/\/i0.wp.com\/politicosaldesnudo.com.mx\/wp-content\/uploads\/2025\/08\/FIRMA-EDITORIAL-PD-4.jpg?w=1024&amp;ssl=1 1024w, https:\/\/i0.wp.com\/politicosaldesnudo.com.mx\/wp-content\/uploads\/2025\/08\/FIRMA-EDITORIAL-PD-4.jpg?resize=300%2C37&amp;ssl=1 300w, https:\/\/i0.wp.com\/politicosaldesnudo.com.mx\/wp-content\/uploads\/2025\/08\/FIRMA-EDITORIAL-PD-4.jpg?resize=768%2C94&amp;ssl=1 768w\" sizes=\"auto, (max-width: 800px) 100vw, 800px\" \/><\/p>\n","protected":false},"excerpt":{"rendered":"<p>ALMA GRANDE Por \u00c1ngel \u00c1lvaro Pe\u00f1a Gracias a la bendita conferencia matutina que usted preside se\u00f1ora Presidenta desde Palacio Nacional<\/p>\n","protected":false},"author":4,"featured_media":68861,"comment_status":"closed","ping_status":"closed","sticky":false,"template":"","format":"standard","meta":{"colormag_page_container_layout":"default_layout","colormag_page_sidebar_layout":"default_layout","_jetpack_memberships_contains_paid_content":false,"footnotes":"","jetpack_publicize_message":"","jetpack_publicize_feature_enabled":true,"jetpack_social_post_already_shared":true,"jetpack_social_options":{"image_generator_settings":{"template":"highway","default_image_id":0,"font":"","enabled":false},"version":2}},"categories":[26],"tags":[],"class_list":["post-69008","post","type-post","status-publish","format-standard","has-post-thumbnail","hentry","category-columnistas"],"jetpack_publicize_connections":[],"jetpack_featured_media_url":"https:\/\/i0.wp.com\/politicosaldesnudo.com.mx\/wp-content\/uploads\/2025\/08\/BANNER-LOPEZ-DORIGA-DIGITAL-2.jpg?fit=800%2C445&ssl=1","jetpack-related-posts":[],"jetpack_sharing_enabled":true,"_links":{"self":[{"href":"https:\/\/politicosaldesnudo.com.mx\/index.php\/wp-json\/wp\/v2\/posts\/69008","targetHints":{"allow":["GET"]}}],"collection":[{"href":"https:\/\/politicosaldesnudo.com.mx\/index.php\/wp-json\/wp\/v2\/posts"}],"about":[{"href":"https:\/\/politicosaldesnudo.com.mx\/index.php\/wp-json\/wp\/v2\/types\/post"}],"author":[{"embeddable":true,"href":"https:\/\/politicosaldesnudo.com.mx\/index.php\/wp-json\/wp\/v2\/users\/4"}],"replies":[{"embeddable":true,"href":"https:\/\/politicosaldesnudo.com.mx\/index.php\/wp-json\/wp\/v2\/comments?post=69008"}],"version-history":[{"count":0,"href":"https:\/\/politicosaldesnudo.com.mx\/index.php\/wp-json\/wp\/v2\/posts\/69008\/revisions"}],"wp:featuredmedia":[{"embeddable":true,"href":"https:\/\/politicosaldesnudo.com.mx\/index.php\/wp-json\/wp\/v2\/media\/68861"}],"wp:attachment":[{"href":"https:\/\/politicosaldesnudo.com.mx\/index.php\/wp-json\/wp\/v2\/media?parent=69008"}],"wp:term":[{"taxonomy":"category","embeddable":true,"href":"https:\/\/politicosaldesnudo.com.mx\/index.php\/wp-json\/wp\/v2\/categories?post=69008"},{"taxonomy":"post_tag","embeddable":true,"href":"https:\/\/politicosaldesnudo.com.mx\/index.php\/wp-json\/wp\/v2\/tags?post=69008"}],"curies":[{"name":"wp","href":"https:\/\/api.w.org\/{rel}","templated":true}]}}