{"id":69014,"date":"2025-08-18T18:56:45","date_gmt":"2025-08-19T00:56:45","guid":{"rendered":"https:\/\/politicosaldesnudo.com.mx\/?p=69014"},"modified":"2025-08-18T18:56:45","modified_gmt":"2025-08-19T00:56:45","slug":"se-realiza-la-limpieza-saneamiento-y-desazolve-de-la-avenida-cuauhtemoc-con-personal-de-obras-publicas-caev-y-parques-y-jardines","status":"publish","type":"post","link":"https:\/\/politicosaldesnudo.com.mx\/index.php\/2025\/08\/18\/se-realiza-la-limpieza-saneamiento-y-desazolve-de-la-avenida-cuauhtemoc-con-personal-de-obras-publicas-caev-y-parques-y-jardines\/","title":{"rendered":"Se realiza la limpieza, saneamiento y desazolve de la avenida Cuauht\u00e9moc con personal de Obras P\u00fablicas, CAEV y Parques y Jardines"},"content":{"rendered":"<p>Tuxpan, Ver., 18 de agosto de 2025.- Este lunes iniciaron los trabajos de limpieza, saneamiento, desazolve y poda en la avenida Cuauht\u00e9moc.<\/p>\n<p><img data-recalc-dims=\"1\" loading=\"lazy\" decoding=\"async\" class=\"aligncenter size-large wp-image-69020\" src=\"https:\/\/i0.wp.com\/politicosaldesnudo.com.mx\/wp-content\/uploads\/2025\/08\/WhatsApp-Image-2025-08-18-at-12.13.54-1024x771.jpeg?resize=800%2C602&#038;ssl=1\" alt=\"\" width=\"800\" height=\"602\" srcset=\"https:\/\/i0.wp.com\/politicosaldesnudo.com.mx\/wp-content\/uploads\/2025\/08\/WhatsApp-Image-2025-08-18-at-12.13.54.jpeg?resize=1024%2C771&amp;ssl=1 1024w, https:\/\/i0.wp.com\/politicosaldesnudo.com.mx\/wp-content\/uploads\/2025\/08\/WhatsApp-Image-2025-08-18-at-12.13.54.jpeg?resize=300%2C226&amp;ssl=1 300w, https:\/\/i0.wp.com\/politicosaldesnudo.com.mx\/wp-content\/uploads\/2025\/08\/WhatsApp-Image-2025-08-18-at-12.13.54.jpeg?resize=768%2C578&amp;ssl=1 768w, https:\/\/i0.wp.com\/politicosaldesnudo.com.mx\/wp-content\/uploads\/2025\/08\/WhatsApp-Image-2025-08-18-at-12.13.54.jpeg?resize=1536%2C1156&amp;ssl=1 1536w, https:\/\/i0.wp.com\/politicosaldesnudo.com.mx\/wp-content\/uploads\/2025\/08\/WhatsApp-Image-2025-08-18-at-12.13.54.jpeg?w=1600&amp;ssl=1 1600w\" sizes=\"auto, (max-width: 800px) 100vw, 800px\" \/> <img data-recalc-dims=\"1\" loading=\"lazy\" decoding=\"async\" class=\"aligncenter size-large wp-image-69019\" src=\"https:\/\/i0.wp.com\/politicosaldesnudo.com.mx\/wp-content\/uploads\/2025\/08\/WhatsApp-Image-2025-08-18-at-12.13.54-3-1024x771.jpeg?resize=800%2C602&#038;ssl=1\" alt=\"\" width=\"800\" height=\"602\" srcset=\"https:\/\/i0.wp.com\/politicosaldesnudo.com.mx\/wp-content\/uploads\/2025\/08\/WhatsApp-Image-2025-08-18-at-12.13.54-3.jpeg?resize=1024%2C771&amp;ssl=1 1024w, https:\/\/i0.wp.com\/politicosaldesnudo.com.mx\/wp-content\/uploads\/2025\/08\/WhatsApp-Image-2025-08-18-at-12.13.54-3.jpeg?resize=300%2C226&amp;ssl=1 300w, https:\/\/i0.wp.com\/politicosaldesnudo.com.mx\/wp-content\/uploads\/2025\/08\/WhatsApp-Image-2025-08-18-at-12.13.54-3.jpeg?resize=768%2C578&amp;ssl=1 768w, https:\/\/i0.wp.com\/politicosaldesnudo.com.mx\/wp-content\/uploads\/2025\/08\/WhatsApp-Image-2025-08-18-at-12.13.54-3.jpeg?resize=1536%2C1156&amp;ssl=1 1536w, https:\/\/i0.wp.com\/politicosaldesnudo.com.mx\/wp-content\/uploads\/2025\/08\/WhatsApp-Image-2025-08-18-at-12.13.54-3.jpeg?w=1600&amp;ssl=1 1600w\" sizes=\"auto, (max-width: 800px) 100vw, 800px\" \/><\/p>\n<p>El alcalde Dr. Jes\u00fas Fomperoza Torres dio a conocer que en estos trabajos participan personal y equipo de Obras P\u00fablicas, CAEV y Parques y Jardines.<\/p>\n<p>Cabe mencionar que la Comisi\u00f3n del Agua del Estado de Veracruz, oficina Operadora Tuxpan, tambi\u00e9n despleg\u00f3 una unidad Vactor para apoyar las tareas.<\/p>\n<p><img data-recalc-dims=\"1\" loading=\"lazy\" decoding=\"async\" class=\"aligncenter size-large wp-image-69018\" src=\"https:\/\/i0.wp.com\/politicosaldesnudo.com.mx\/wp-content\/uploads\/2025\/08\/WhatsApp-Image-2025-08-18-at-12.13.54-2-1024x771.jpeg?resize=800%2C602&#038;ssl=1\" alt=\"\" width=\"800\" height=\"602\" srcset=\"https:\/\/i0.wp.com\/politicosaldesnudo.com.mx\/wp-content\/uploads\/2025\/08\/WhatsApp-Image-2025-08-18-at-12.13.54-2.jpeg?resize=1024%2C771&amp;ssl=1 1024w, https:\/\/i0.wp.com\/politicosaldesnudo.com.mx\/wp-content\/uploads\/2025\/08\/WhatsApp-Image-2025-08-18-at-12.13.54-2.jpeg?resize=300%2C226&amp;ssl=1 300w, https:\/\/i0.wp.com\/politicosaldesnudo.com.mx\/wp-content\/uploads\/2025\/08\/WhatsApp-Image-2025-08-18-at-12.13.54-2.jpeg?resize=768%2C578&amp;ssl=1 768w, https:\/\/i0.wp.com\/politicosaldesnudo.com.mx\/wp-content\/uploads\/2025\/08\/WhatsApp-Image-2025-08-18-at-12.13.54-2.jpeg?resize=1536%2C1156&amp;ssl=1 1536w, https:\/\/i0.wp.com\/politicosaldesnudo.com.mx\/wp-content\/uploads\/2025\/08\/WhatsApp-Image-2025-08-18-at-12.13.54-2.jpeg?w=1600&amp;ssl=1 1600w\" sizes=\"auto, (max-width: 800px) 100vw, 800px\" \/> <img data-recalc-dims=\"1\" loading=\"lazy\" decoding=\"async\" class=\"aligncenter size-large wp-image-69017\" src=\"https:\/\/i0.wp.com\/politicosaldesnudo.com.mx\/wp-content\/uploads\/2025\/08\/WhatsApp-Image-2025-08-18-at-12.13.54-1-1024x768.jpeg?resize=800%2C600&#038;ssl=1\" alt=\"\" width=\"800\" height=\"600\" srcset=\"https:\/\/i0.wp.com\/politicosaldesnudo.com.mx\/wp-content\/uploads\/2025\/08\/WhatsApp-Image-2025-08-18-at-12.13.54-1.jpeg?resize=1024%2C768&amp;ssl=1 1024w, https:\/\/i0.wp.com\/politicosaldesnudo.com.mx\/wp-content\/uploads\/2025\/08\/WhatsApp-Image-2025-08-18-at-12.13.54-1.jpeg?resize=300%2C225&amp;ssl=1 300w, https:\/\/i0.wp.com\/politicosaldesnudo.com.mx\/wp-content\/uploads\/2025\/08\/WhatsApp-Image-2025-08-18-at-12.13.54-1.jpeg?resize=768%2C576&amp;ssl=1 768w, https:\/\/i0.wp.com\/politicosaldesnudo.com.mx\/wp-content\/uploads\/2025\/08\/WhatsApp-Image-2025-08-18-at-12.13.54-1.jpeg?resize=1536%2C1152&amp;ssl=1 1536w, https:\/\/i0.wp.com\/politicosaldesnudo.com.mx\/wp-content\/uploads\/2025\/08\/WhatsApp-Image-2025-08-18-at-12.13.54-1.jpeg?w=1600&amp;ssl=1 1600w\" sizes=\"auto, (max-width: 800px) 100vw, 800px\" \/><\/p>\n<p>Otra cuadrilla de Parques y Jardines est\u00e1 trabajando en la limpieza y poda del camell\u00f3n del Libramiento L\u00f3pez Mateos, donde ya se tiene un avance importante desde la calle Javier Sol\u00eds, hasta la calle Libertad\u2026 y se continuar\u00e1.<\/p>\n<p><img data-recalc-dims=\"1\" loading=\"lazy\" decoding=\"async\" class=\"aligncenter size-large wp-image-69016\" src=\"https:\/\/i0.wp.com\/politicosaldesnudo.com.mx\/wp-content\/uploads\/2025\/08\/WhatsApp-Image-2025-08-18-at-12.13.53-1024x771.jpeg?resize=800%2C602&#038;ssl=1\" alt=\"\" width=\"800\" height=\"602\" srcset=\"https:\/\/i0.wp.com\/politicosaldesnudo.com.mx\/wp-content\/uploads\/2025\/08\/WhatsApp-Image-2025-08-18-at-12.13.53.jpeg?resize=1024%2C771&amp;ssl=1 1024w, https:\/\/i0.wp.com\/politicosaldesnudo.com.mx\/wp-content\/uploads\/2025\/08\/WhatsApp-Image-2025-08-18-at-12.13.53.jpeg?resize=300%2C226&amp;ssl=1 300w, https:\/\/i0.wp.com\/politicosaldesnudo.com.mx\/wp-content\/uploads\/2025\/08\/WhatsApp-Image-2025-08-18-at-12.13.53.jpeg?resize=768%2C578&amp;ssl=1 768w, https:\/\/i0.wp.com\/politicosaldesnudo.com.mx\/wp-content\/uploads\/2025\/08\/WhatsApp-Image-2025-08-18-at-12.13.53.jpeg?resize=1536%2C1156&amp;ssl=1 1536w, https:\/\/i0.wp.com\/politicosaldesnudo.com.mx\/wp-content\/uploads\/2025\/08\/WhatsApp-Image-2025-08-18-at-12.13.53.jpeg?w=1600&amp;ssl=1 1600w\" sizes=\"auto, (max-width: 800px) 100vw, 800px\" \/><\/p>\n<p>Asimismo, otro equipo de trabajo est\u00e1 llevando a cabo la limpieza \u00e1reas verdes y espacios p\u00fablicos en el Infonavit Canaco.<\/p>\n<p>El presidente municipal, Dr. Jes\u00fas Fomperoza Torres, anunci\u00f3 que se habr\u00e1n de intensificar los trabajos en bulevares, avenidas, parques p\u00fablicos, jardines y espacios deportivos.<\/p>\n","protected":false},"excerpt":{"rendered":"<p>Tuxpan, Ver., 18 de agosto de 2025.- Este lunes iniciaron los trabajos de limpieza, saneamiento, desazolve y poda en la<\/p>\n","protected":false},"author":4,"featured_media":69015,"comment_status":"closed","ping_status":"closed","sticky":false,"template":"","format":"standard","meta":{"colormag_page_container_layout":"default_layout","colormag_page_sidebar_layout":"default_layout","_jetpack_memberships_contains_paid_content":false,"footnotes":"","jetpack_publicize_message":"","jetpack_publicize_feature_enabled":true,"jetpack_social_post_already_shared":true,"jetpack_social_options":{"image_generator_settings":{"template":"highway","default_image_id":0,"font":"","enabled":false},"version":2}},"categories":[3205,1082],"tags":[],"class_list":["post-69014","post","type-post","status-publish","format-standard","has-post-thumbnail","hentry","category-gobierno-tuxpan","category-tuxpan"],"jetpack_publicize_connections":[],"jetpack_featured_media_url":"https:\/\/i0.wp.com\/politicosaldesnudo.com.mx\/wp-content\/uploads\/2025\/08\/WhatsApp-Image-2025-08-18-at-12.13.53-1.jpeg?fit=1600%2C1200&ssl=1","jetpack-related-posts":[],"jetpack_sharing_enabled":true,"_links":{"self":[{"href":"https:\/\/politicosaldesnudo.com.mx\/index.php\/wp-json\/wp\/v2\/posts\/69014","targetHints":{"allow":["GET"]}}],"collection":[{"href":"https:\/\/politicosaldesnudo.com.mx\/index.php\/wp-json\/wp\/v2\/posts"}],"about":[{"href":"https:\/\/politicosaldesnudo.com.mx\/index.php\/wp-json\/wp\/v2\/types\/post"}],"author":[{"embeddable":true,"href":"https:\/\/politicosaldesnudo.com.mx\/index.php\/wp-json\/wp\/v2\/users\/4"}],"replies":[{"embeddable":true,"href":"https:\/\/politicosaldesnudo.com.mx\/index.php\/wp-json\/wp\/v2\/comments?post=69014"}],"version-history":[{"count":0,"href":"https:\/\/politicosaldesnudo.com.mx\/index.php\/wp-json\/wp\/v2\/posts\/69014\/revisions"}],"wp:featuredmedia":[{"embeddable":true,"href":"https:\/\/politicosaldesnudo.com.mx\/index.php\/wp-json\/wp\/v2\/media\/69015"}],"wp:attachment":[{"href":"https:\/\/politicosaldesnudo.com.mx\/index.php\/wp-json\/wp\/v2\/media?parent=69014"}],"wp:term":[{"taxonomy":"category","embeddable":true,"href":"https:\/\/politicosaldesnudo.com.mx\/index.php\/wp-json\/wp\/v2\/categories?post=69014"},{"taxonomy":"post_tag","embeddable":true,"href":"https:\/\/politicosaldesnudo.com.mx\/index.php\/wp-json\/wp\/v2\/tags?post=69014"}],"curies":[{"name":"wp","href":"https:\/\/api.w.org\/{rel}","templated":true}]}}