{"id":69022,"date":"2025-08-18T19:07:39","date_gmt":"2025-08-19T01:07:39","guid":{"rendered":"https:\/\/politicosaldesnudo.com.mx\/?p=69022"},"modified":"2025-08-18T19:07:39","modified_gmt":"2025-08-19T01:07:39","slug":"el-proximo-jueves-21-de-agosto-se-realizara-en-tuxpan-la-feria-nacional-del-empleo-para-las-juventudes-2025","status":"publish","type":"post","link":"https:\/\/politicosaldesnudo.com.mx\/index.php\/2025\/08\/18\/el-proximo-jueves-21-de-agosto-se-realizara-en-tuxpan-la-feria-nacional-del-empleo-para-las-juventudes-2025\/","title":{"rendered":"El pr\u00f3ximo jueves 21 de agosto se realizar\u00e1 en Tuxpan la \u201cFeria Nacional del Empleo para las Juventudes 2025\u201d"},"content":{"rendered":"<p>\u2022 Se ofertar\u00e1n vacantes en los sectores industrial, comercial y de servicios.<\/p>\n<p>Tuxpan, Ver., 18 de agosto de 2025.- Este municipio ser\u00e1 sede de la \u201cFeria Nacional del Empleo para las Juventudes 2025\u201d, el pr\u00f3ximo jueves 21 de agosto en la Plaza C\u00edvica, en horario de 09:00 a 14:00 horas.<\/p>\n<p><img data-recalc-dims=\"1\" loading=\"lazy\" decoding=\"async\" class=\"aligncenter size-large wp-image-69023\" src=\"https:\/\/i0.wp.com\/politicosaldesnudo.com.mx\/wp-content\/uploads\/2025\/08\/WhatsApp-Image-2025-08-18-at-18.09.45-819x1024.jpeg?resize=800%2C1000&#038;ssl=1\" alt=\"\" width=\"800\" height=\"1000\" srcset=\"https:\/\/i0.wp.com\/politicosaldesnudo.com.mx\/wp-content\/uploads\/2025\/08\/WhatsApp-Image-2025-08-18-at-18.09.45.jpeg?resize=819%2C1024&amp;ssl=1 819w, https:\/\/i0.wp.com\/politicosaldesnudo.com.mx\/wp-content\/uploads\/2025\/08\/WhatsApp-Image-2025-08-18-at-18.09.45.jpeg?resize=240%2C300&amp;ssl=1 240w, https:\/\/i0.wp.com\/politicosaldesnudo.com.mx\/wp-content\/uploads\/2025\/08\/WhatsApp-Image-2025-08-18-at-18.09.45.jpeg?resize=768%2C960&amp;ssl=1 768w, https:\/\/i0.wp.com\/politicosaldesnudo.com.mx\/wp-content\/uploads\/2025\/08\/WhatsApp-Image-2025-08-18-at-18.09.45.jpeg?resize=1229%2C1536&amp;ssl=1 1229w, https:\/\/i0.wp.com\/politicosaldesnudo.com.mx\/wp-content\/uploads\/2025\/08\/WhatsApp-Image-2025-08-18-at-18.09.45.jpeg?w=1280&amp;ssl=1 1280w\" sizes=\"auto, (max-width: 800px) 100vw, 800px\" \/><\/p>\n<p>El Ayuntamiento de Tuxpan a trav\u00e9s del Servicio Municipal de Empleo, el Gobierno de M\u00e9xico, el Gobierno del Estado de Veracruz, la Secretar\u00eda del Trabajo y Previsi\u00f3n Social y el Servicio Nacional del Empleo invitan a los j\u00f3venes a conocer las ofertas de empleo que estar\u00e1n disponibles en los sectores industrial, comercial y servicios.<\/p>\n<p>Las Ferias Presenciales permiten a los buscadores de empleo un acercamiento directo con el empleador, ya que personalmente dan a conocer sus competencias laborales, con el objetivo de concretar una entrevista de trabajo.<\/p>\n<p>Los interesados pueden registrarse a trav\u00e9s del c\u00f3digo QR de la imagen o bien, para m\u00e1s informaci\u00f3n, pueden llamar a la oficina del Servicio Nacional del Empleo a los tel\u00e9fonos 782 823 32 45 y 782 823 82 41<\/p>\n","protected":false},"excerpt":{"rendered":"<p>\u2022 Se ofertar\u00e1n vacantes en los sectores industrial, comercial y de servicios. Tuxpan, Ver., 18 de agosto de 2025.- Este<\/p>\n","protected":false},"author":4,"featured_media":69024,"comment_status":"closed","ping_status":"closed","sticky":false,"template":"","format":"standard","meta":{"colormag_page_container_layout":"default_layout","colormag_page_sidebar_layout":"default_layout","_jetpack_memberships_contains_paid_content":false,"footnotes":"","jetpack_publicize_message":"","jetpack_publicize_feature_enabled":true,"jetpack_social_post_already_shared":true,"jetpack_social_options":{"image_generator_settings":{"template":"highway","default_image_id":0,"font":"","enabled":false},"version":2}},"categories":[3205,1082],"tags":[],"class_list":["post-69022","post","type-post","status-publish","format-standard","has-post-thumbnail","hentry","category-gobierno-tuxpan","category-tuxpan"],"jetpack_publicize_connections":[],"jetpack_featured_media_url":"https:\/\/i0.wp.com\/politicosaldesnudo.com.mx\/wp-content\/uploads\/2025\/08\/Feria-de-Empleo-Tuxpan-5-1140x544-1.jpeg?fit=1140%2C544&ssl=1","jetpack-related-posts":[],"jetpack_sharing_enabled":true,"_links":{"self":[{"href":"https:\/\/politicosaldesnudo.com.mx\/index.php\/wp-json\/wp\/v2\/posts\/69022","targetHints":{"allow":["GET"]}}],"collection":[{"href":"https:\/\/politicosaldesnudo.com.mx\/index.php\/wp-json\/wp\/v2\/posts"}],"about":[{"href":"https:\/\/politicosaldesnudo.com.mx\/index.php\/wp-json\/wp\/v2\/types\/post"}],"author":[{"embeddable":true,"href":"https:\/\/politicosaldesnudo.com.mx\/index.php\/wp-json\/wp\/v2\/users\/4"}],"replies":[{"embeddable":true,"href":"https:\/\/politicosaldesnudo.com.mx\/index.php\/wp-json\/wp\/v2\/comments?post=69022"}],"version-history":[{"count":0,"href":"https:\/\/politicosaldesnudo.com.mx\/index.php\/wp-json\/wp\/v2\/posts\/69022\/revisions"}],"wp:featuredmedia":[{"embeddable":true,"href":"https:\/\/politicosaldesnudo.com.mx\/index.php\/wp-json\/wp\/v2\/media\/69024"}],"wp:attachment":[{"href":"https:\/\/politicosaldesnudo.com.mx\/index.php\/wp-json\/wp\/v2\/media?parent=69022"}],"wp:term":[{"taxonomy":"category","embeddable":true,"href":"https:\/\/politicosaldesnudo.com.mx\/index.php\/wp-json\/wp\/v2\/categories?post=69022"},{"taxonomy":"post_tag","embeddable":true,"href":"https:\/\/politicosaldesnudo.com.mx\/index.php\/wp-json\/wp\/v2\/tags?post=69022"}],"curies":[{"name":"wp","href":"https:\/\/api.w.org\/{rel}","templated":true}]}}