{"id":69026,"date":"2025-08-19T00:01:18","date_gmt":"2025-08-19T06:01:18","guid":{"rendered":"https:\/\/politicosaldesnudo.com.mx\/?p=69026"},"modified":"2025-08-18T19:37:00","modified_gmt":"2025-08-19T01:37:00","slug":"atacan-el-penal-de-tuxpan-en-veracruz-con-drones-con-explosivos-por-segunda-vez","status":"publish","type":"post","link":"https:\/\/politicosaldesnudo.com.mx\/index.php\/2025\/08\/19\/atacan-el-penal-de-tuxpan-en-veracruz-con-drones-con-explosivos-por-segunda-vez\/","title":{"rendered":"Atacan el penal de Tuxpan en Veracruz con drones con explosivos por segunda vez"},"content":{"rendered":"<p>Un segundo ataque con explosivos, enviados con dron, se registr\u00f3 la noche de este domingo en el penal de Tuxpan, al norte del estado de Veracruz, lo que gener\u00f3 la movilizaci\u00f3n de los cuerpos de seguridad.<\/p>\n<p>Uno de los artefactos lanzados, presuntamente una granada, explot\u00f3 al interior del per\u00edmetro del centro penitenciario, mientras que otros dos quedaron sin detonar tras el ataque de este 17 de agosto.<\/p>\n<p>Hasta el momento se desconoce si hay personas lesionadas o el nivel de da\u00f1o causado por la explosi\u00f3n, pues las autoridades no han brindado informaci\u00f3n oficial al respecto.<\/p>\n<p>Cabe se\u00f1alar que dicho atentado es el segundo de este tipo, luego de que drones arrojaron explosivos el pasado viernes 15 de agosto; sin embargo, en esa ocasi\u00f3n ninguno explot\u00f3 y fueron desactivados y manejados por personal especializado.<\/p>\n<p>Ante el primer ataque, el secretario de Gobierno, Ricardo Ahued Bardahuil, asegur\u00f3 que estas acciones no doblegar\u00e1n al Gobierno de Veracruz; sin embargo, posterior a su declaraci\u00f3n se concret\u00f3 el segundo ataque.<\/p>\n<p>\u201cNo nos vamos a doblar, no tuvo efecto de nada, pero esas amedrentaciones en este gobierno no van a ser efectivas\u201d, dijo luego del primer ataque al penal de Tuxpan.<\/p>\n<p>El penal de Tuxpan, en fechas recientes, ha estado envuelto en situaciones de violencia e inseguridad, presuntamente relacionadas con un grupo de la delincuencia organizada que opera desde el interior del mismo.<\/p>\n<p>El 2 de agosto, internos del penal generaron incendios y organizaron un mot\u00edn, el cual dej\u00f3 como saldo 9 personas sin vida y 9 heridos; adem\u00e1s, circularon en redes sociales videos desde el interior del penal.<\/p>\n<p>En dichas grabaciones, algunos reos aseguraron que un grupo delictivo controla el penal con la complicidad de las autoridades y acusaron que a los internos se les extorsiona y amenaza, adem\u00e1s de que se ordenan y coordinan delitos cometidos en el exterior.<\/p>\n","protected":false},"excerpt":{"rendered":"<p>Un segundo ataque con explosivos, enviados con dron, se registr\u00f3 la noche de este domingo en el penal de Tuxpan,<\/p>\n","protected":false},"author":4,"featured_media":69027,"comment_status":"closed","ping_status":"closed","sticky":false,"template":"","format":"standard","meta":{"colormag_page_container_layout":"default_layout","colormag_page_sidebar_layout":"default_layout","_jetpack_memberships_contains_paid_content":false,"footnotes":"","jetpack_publicize_message":"","jetpack_publicize_feature_enabled":true,"jetpack_social_post_already_shared":true,"jetpack_social_options":{"image_generator_settings":{"template":"highway","default_image_id":0,"font":"","enabled":false},"version":2}},"categories":[1082],"tags":[],"class_list":["post-69026","post","type-post","status-publish","format-standard","has-post-thumbnail","hentry","category-tuxpan"],"jetpack_publicize_connections":[],"jetpack_featured_media_url":"https:\/\/i0.wp.com\/politicosaldesnudo.com.mx\/wp-content\/uploads\/2025\/08\/770TacN9Ghbfn.jpg?fit=770%2C576&ssl=1","jetpack-related-posts":[],"jetpack_sharing_enabled":true,"_links":{"self":[{"href":"https:\/\/politicosaldesnudo.com.mx\/index.php\/wp-json\/wp\/v2\/posts\/69026","targetHints":{"allow":["GET"]}}],"collection":[{"href":"https:\/\/politicosaldesnudo.com.mx\/index.php\/wp-json\/wp\/v2\/posts"}],"about":[{"href":"https:\/\/politicosaldesnudo.com.mx\/index.php\/wp-json\/wp\/v2\/types\/post"}],"author":[{"embeddable":true,"href":"https:\/\/politicosaldesnudo.com.mx\/index.php\/wp-json\/wp\/v2\/users\/4"}],"replies":[{"embeddable":true,"href":"https:\/\/politicosaldesnudo.com.mx\/index.php\/wp-json\/wp\/v2\/comments?post=69026"}],"version-history":[{"count":0,"href":"https:\/\/politicosaldesnudo.com.mx\/index.php\/wp-json\/wp\/v2\/posts\/69026\/revisions"}],"wp:featuredmedia":[{"embeddable":true,"href":"https:\/\/politicosaldesnudo.com.mx\/index.php\/wp-json\/wp\/v2\/media\/69027"}],"wp:attachment":[{"href":"https:\/\/politicosaldesnudo.com.mx\/index.php\/wp-json\/wp\/v2\/media?parent=69026"}],"wp:term":[{"taxonomy":"category","embeddable":true,"href":"https:\/\/politicosaldesnudo.com.mx\/index.php\/wp-json\/wp\/v2\/categories?post=69026"},{"taxonomy":"post_tag","embeddable":true,"href":"https:\/\/politicosaldesnudo.com.mx\/index.php\/wp-json\/wp\/v2\/tags?post=69026"}],"curies":[{"name":"wp","href":"https:\/\/api.w.org\/{rel}","templated":true}]}}