{"id":69029,"date":"2025-08-19T00:02:09","date_gmt":"2025-08-19T06:02:09","guid":{"rendered":"https:\/\/politicosaldesnudo.com.mx\/?p=69029"},"modified":"2025-08-18T19:41:35","modified_gmt":"2025-08-19T01:41:35","slug":"ople-organizara-eleccion-extraordinaria-en-el-distrito-iii-de-tuxpan-durante-2026","status":"publish","type":"post","link":"https:\/\/politicosaldesnudo.com.mx\/index.php\/2025\/08\/19\/ople-organizara-eleccion-extraordinaria-en-el-distrito-iii-de-tuxpan-durante-2026\/","title":{"rendered":"OPLE organizar\u00e1 elecci\u00f3n extraordinaria en el distrito III de Tuxpan durante 2026"},"content":{"rendered":"<p>El Organismo P\u00fablico Local Electoral (OPLE) de Veracruz contempla organizar una elecci\u00f3n extraordinaria en el Distrito de Tuxpan durante 2026, con el objetivo de cubrir el esca\u00f1o que quedar\u00e1 vacante en el Congreso local.<\/p>\n<p>La consejera presidenta del OPLE, Marisol Delgadillo Morales, precis\u00f3 que el proceso arrancar\u00e1 una vez que el Poder Legislativo emita la notificaci\u00f3n correspondiente. Explic\u00f3 que la vacante se originar\u00e1 a partir del 31 de diciembre, fecha en que el actual legislador Daniel Cortina Mart\u00ednez asumir\u00e1 como presidente municipal de Tuxpan.<\/p>\n<p>A ello se suma que su suplente, Citlalli Medell\u00edn Careaga, fue electa alcaldesa de Tamiahua, por lo que tampoco podr\u00e1 ocupar la curul. \u201cEstaremos atentos a que se configuren las ausencias tanto del diputado propietario como del suplente y el Congreso del Estado, conforme la Ley Org\u00e1nica del Poder Legislativo, deber\u00e1 sesionar para que el organismo inicie el procedimiento\u201d, se\u00f1al\u00f3.<\/p>\n<p>De acuerdo con Delgadillo Morales, el procedimiento ser\u00e1 similar al de una elecci\u00f3n ordinaria para diputaciones locales, pero limitado \u00fanicamente al Distrito III de Tuxpan, que abarca los municipios de Cazones de Herrera, Tamiahua, Tihuatl\u00e1n y Tuxpan. En total, la demarcaci\u00f3n se integra por 160 secciones electorales.<\/p>\n<p>La consejera record\u00f3 que el art\u00edculo 19 del C\u00f3digo Electoral de Veracruz establece que, en caso de declararse una elecci\u00f3n extraordinaria, el Congreso deber\u00e1 expedir la convocatoria en un plazo no mayor a 45 d\u00edas. \u201cYa lo estamos considerando ante los hechos notorios y p\u00fablicos que se han referido en los medios, entonces estaremos atentos\u201d, coment\u00f3.<\/p>\n","protected":false},"excerpt":{"rendered":"<p>El Organismo P\u00fablico Local Electoral (OPLE) de Veracruz contempla organizar una elecci\u00f3n extraordinaria en el Distrito de Tuxpan durante 2026,<\/p>\n","protected":false},"author":4,"featured_media":69030,"comment_status":"closed","ping_status":"closed","sticky":false,"template":"","format":"standard","meta":{"colormag_page_container_layout":"default_layout","colormag_page_sidebar_layout":"default_layout","_jetpack_memberships_contains_paid_content":false,"footnotes":"","jetpack_publicize_message":"","jetpack_publicize_feature_enabled":true,"jetpack_social_post_already_shared":true,"jetpack_social_options":{"image_generator_settings":{"template":"highway","default_image_id":0,"font":"","enabled":false},"version":2}},"categories":[1082],"tags":[],"class_list":["post-69029","post","type-post","status-publish","format-standard","has-post-thumbnail","hentry","category-tuxpan"],"jetpack_publicize_connections":[],"jetpack_featured_media_url":"https:\/\/i0.wp.com\/politicosaldesnudo.com.mx\/wp-content\/uploads\/2025\/08\/OPL.jpg?fit=679%2C451&ssl=1","jetpack-related-posts":[],"jetpack_sharing_enabled":true,"_links":{"self":[{"href":"https:\/\/politicosaldesnudo.com.mx\/index.php\/wp-json\/wp\/v2\/posts\/69029","targetHints":{"allow":["GET"]}}],"collection":[{"href":"https:\/\/politicosaldesnudo.com.mx\/index.php\/wp-json\/wp\/v2\/posts"}],"about":[{"href":"https:\/\/politicosaldesnudo.com.mx\/index.php\/wp-json\/wp\/v2\/types\/post"}],"author":[{"embeddable":true,"href":"https:\/\/politicosaldesnudo.com.mx\/index.php\/wp-json\/wp\/v2\/users\/4"}],"replies":[{"embeddable":true,"href":"https:\/\/politicosaldesnudo.com.mx\/index.php\/wp-json\/wp\/v2\/comments?post=69029"}],"version-history":[{"count":0,"href":"https:\/\/politicosaldesnudo.com.mx\/index.php\/wp-json\/wp\/v2\/posts\/69029\/revisions"}],"wp:featuredmedia":[{"embeddable":true,"href":"https:\/\/politicosaldesnudo.com.mx\/index.php\/wp-json\/wp\/v2\/media\/69030"}],"wp:attachment":[{"href":"https:\/\/politicosaldesnudo.com.mx\/index.php\/wp-json\/wp\/v2\/media?parent=69029"}],"wp:term":[{"taxonomy":"category","embeddable":true,"href":"https:\/\/politicosaldesnudo.com.mx\/index.php\/wp-json\/wp\/v2\/categories?post=69029"},{"taxonomy":"post_tag","embeddable":true,"href":"https:\/\/politicosaldesnudo.com.mx\/index.php\/wp-json\/wp\/v2\/tags?post=69029"}],"curies":[{"name":"wp","href":"https:\/\/api.w.org\/{rel}","templated":true}]}}