{"id":69032,"date":"2025-08-19T00:05:19","date_gmt":"2025-08-19T06:05:19","guid":{"rendered":"https:\/\/politicosaldesnudo.com.mx\/?p=69032"},"modified":"2025-08-18T20:11:09","modified_gmt":"2025-08-19T02:11:09","slug":"se-reune-sheinbaum-con-ricardo-monreal-y-adan-lopez-en-palacio-nacional","status":"publish","type":"post","link":"https:\/\/politicosaldesnudo.com.mx\/index.php\/2025\/08\/19\/se-reune-sheinbaum-con-ricardo-monreal-y-adan-lopez-en-palacio-nacional\/","title":{"rendered":"Se re\u00fane Sheinbaum con Ricardo Monreal y Ad\u00e1n L\u00f3pez en Palacio Nacional"},"content":{"rendered":"<p>La presidenta Claudia Sheinbaum Pardo se encuentra reunida en Palacio Nacional con los coordinadores parlamentarios de Morena en el Congreso de la Uni\u00f3n, Ricardo Monreal (C\u00e1mara de Diputados) y Ad\u00e1n Augusto L\u00f3pez (senado), para dialogar de temas meramente legislativos.<\/p>\n<p>Al llegar al hist\u00f3rico recito, a las 18.33, L\u00f3pez Hern\u00e1ndez evit\u00f3 contestar cuestionamientos de reporteros en torno a su permanencia al frente de la bancada morenista en el Senado.<\/p>\n<p>Esto tras la pol\u00e9mica por el caso de Hern\u00e1n Berm\u00fadez Requena \u2014quien fue secretario de seguridad p\u00fablica en Tabasco mientras el hoy legislador fue gobernador\u2014 quien est\u00e1 acusado de estar vinculado al grupo criminal La Barredora y hoy se encuentra \u00a0pr\u00f3fugo de la justicia.<\/p>\n<p>Tambi\u00e9n lleg\u00f3 al encuentro con la mandataria el vicecoordinador de Morena en el Senado, Ignacio Mier.<\/p>\n<p>\u2014\u00bfEs usted el nuevo coordinador? \u2014se le pregunt\u00f3.<\/p>\n<p>Sonri\u00f3 y s\u00f3lo hizo una se\u00f1al negativa con el dedo \u00edndice.<\/p>\n<p>\u2014\u00bfLe gustar\u00eda? \u2014se le insisti\u00f3.<\/p>\n<p>\u2014No, ma\u00f1ana les platico. (Ad\u00e1n) es mi amigo, es mi coordinador \u2014contest\u00f3.<\/p>\n<p>Por la ma\u00f1ana, en su conferencia en Palacio, la mandataria federal sostuvo que el encuentro con los legisladores \u2014citado para las siete de la noche\u2014 tiene como objetivo que conozcan los temas y las iniciativas que \u201cqueremos que sean aprobadas en este periodo de sesiones\u201d, que iniciar\u00e1 el 1 de septiembre pr\u00f3ximo.<\/p>\n","protected":false},"excerpt":{"rendered":"<p>La presidenta Claudia Sheinbaum Pardo se encuentra reunida en Palacio Nacional con los coordinadores parlamentarios de Morena en el Congreso<\/p>\n","protected":false},"author":4,"featured_media":69033,"comment_status":"closed","ping_status":"closed","sticky":false,"template":"","format":"standard","meta":{"colormag_page_container_layout":"default_layout","colormag_page_sidebar_layout":"default_layout","_jetpack_memberships_contains_paid_content":false,"footnotes":"","jetpack_publicize_message":"","jetpack_publicize_feature_enabled":true,"jetpack_social_post_already_shared":true,"jetpack_social_options":{"image_generator_settings":{"template":"highway","default_image_id":0,"font":"","enabled":false},"version":2}},"categories":[33],"tags":[],"class_list":["post-69032","post","type-post","status-publish","format-standard","has-post-thumbnail","hentry","category-nacional"],"jetpack_publicize_connections":[],"jetpack_featured_media_url":"https:\/\/i0.wp.com\/politicosaldesnudo.com.mx\/wp-content\/uploads\/2025\/08\/Palacio_Nacional_de_Mexico.jpg?fit=1024%2C703&ssl=1","jetpack-related-posts":[],"jetpack_sharing_enabled":true,"_links":{"self":[{"href":"https:\/\/politicosaldesnudo.com.mx\/index.php\/wp-json\/wp\/v2\/posts\/69032","targetHints":{"allow":["GET"]}}],"collection":[{"href":"https:\/\/politicosaldesnudo.com.mx\/index.php\/wp-json\/wp\/v2\/posts"}],"about":[{"href":"https:\/\/politicosaldesnudo.com.mx\/index.php\/wp-json\/wp\/v2\/types\/post"}],"author":[{"embeddable":true,"href":"https:\/\/politicosaldesnudo.com.mx\/index.php\/wp-json\/wp\/v2\/users\/4"}],"replies":[{"embeddable":true,"href":"https:\/\/politicosaldesnudo.com.mx\/index.php\/wp-json\/wp\/v2\/comments?post=69032"}],"version-history":[{"count":0,"href":"https:\/\/politicosaldesnudo.com.mx\/index.php\/wp-json\/wp\/v2\/posts\/69032\/revisions"}],"wp:featuredmedia":[{"embeddable":true,"href":"https:\/\/politicosaldesnudo.com.mx\/index.php\/wp-json\/wp\/v2\/media\/69033"}],"wp:attachment":[{"href":"https:\/\/politicosaldesnudo.com.mx\/index.php\/wp-json\/wp\/v2\/media?parent=69032"}],"wp:term":[{"taxonomy":"category","embeddable":true,"href":"https:\/\/politicosaldesnudo.com.mx\/index.php\/wp-json\/wp\/v2\/categories?post=69032"},{"taxonomy":"post_tag","embeddable":true,"href":"https:\/\/politicosaldesnudo.com.mx\/index.php\/wp-json\/wp\/v2\/tags?post=69032"}],"curies":[{"name":"wp","href":"https:\/\/api.w.org\/{rel}","templated":true}]}}