{"id":69120,"date":"2025-08-20T00:12:38","date_gmt":"2025-08-20T06:12:38","guid":{"rendered":"https:\/\/politicosaldesnudo.com.mx\/?p=69120"},"modified":"2025-08-19T22:36:51","modified_gmt":"2025-08-20T04:36:51","slug":"economia-mexicana-lejos-de-una-recesion","status":"publish","type":"post","link":"https:\/\/politicosaldesnudo.com.mx\/index.php\/2025\/08\/20\/economia-mexicana-lejos-de-una-recesion\/","title":{"rendered":"Econom\u00eda mexicana lejos de una recesi\u00f3n"},"content":{"rendered":"<p class=\"nota-justify\">La econom\u00eda mexicana est\u00e1 lejos de entrar en una recesi\u00f3n, afirm\u00f3 este martes Alejandro Salda\u00f1a, economista en jefe del banco Ve por M\u00e1s (BX+).<\/p>\n<p class=\"nota-justify\">Si bien, la actividad se expande a un ritmo menor de lo que lo hac\u00eda el a\u00f1o pasado, durante los primeros seis meses se mantuvo a flote gracias al sector externo, noticia que resulta sorprendente si se considera que el entorno se encuentra marcado por las restrictivas pol\u00edticas comerciales que ha anunciado Estados Unidos.<\/p>\n<p class=\"nota-justify\">\u201cLa actividad econ\u00f3mica como naturalmente esper\u00e1bamos se ha ido desacelerando en este entorno de incertidumbre. Sin embargo, est\u00e1 muy lejos de haber ca\u00eddo en una recesi\u00f3n. Despu\u00e9s de perder fuerza en cuarto trimestre de 2024, repunt\u00f3 un poquito en el primer trimestre de este a\u00f1o y en el segundo trimestre incluso se aceler\u00f3\u201d, dijo Salda\u00f1a en una videoconferencia.<\/p>\n<p class=\"nota-justify\">Precis\u00f3 que la econom\u00eda nacional \u201cha mostrado resiliencia\u201d en la primera mitad del a\u00f1o, pero el PIB seguir\u00e1 \u201crelativamente fr\u00e1gil en un entorno de elevada incertidumbre\u201d.<\/p>\n<p class=\"nota-justify\">Salda\u00f1a mencion\u00f3 que, de forma interna, los principales indicadores se han mostrado d\u00e9biles, como puede ser el consumo o la inversi\u00f3n, pero de manera sorprendente el sector externo ha sido el motor que mantuvo a flote a la econom\u00eda de enero a junio.<\/p>\n<p class=\"nota-justify\">Y es que, aunque hay menores niveles de confianza, una contracci\u00f3n en el flujo de las remesas, y aumento en los niveles de inflaci\u00f3n, las exportaciones se mantuvieron al alza durante el primer semestre \u201cinicialmente impulsadas por el adelanto de env\u00edos y la resiliencia econ\u00f3mica en los Estados Unidos\u201d.<\/p>\n","protected":false},"excerpt":{"rendered":"<p>La econom\u00eda mexicana est\u00e1 lejos de entrar en una recesi\u00f3n, afirm\u00f3 este martes Alejandro Salda\u00f1a, economista en jefe del banco<\/p>\n","protected":false},"author":4,"featured_media":69121,"comment_status":"closed","ping_status":"closed","sticky":false,"template":"","format":"standard","meta":{"colormag_page_container_layout":"default_layout","colormag_page_sidebar_layout":"default_layout","_jetpack_memberships_contains_paid_content":false,"footnotes":"","jetpack_publicize_message":"","jetpack_publicize_feature_enabled":true,"jetpack_social_post_already_shared":true,"jetpack_social_options":{"image_generator_settings":{"template":"highway","default_image_id":0,"font":"","enabled":false},"version":2}},"categories":[2050],"tags":[],"class_list":["post-69120","post","type-post","status-publish","format-standard","has-post-thumbnail","hentry","category-economia"],"jetpack_publicize_connections":[],"jetpack_featured_media_url":"https:\/\/i0.wp.com\/politicosaldesnudo.com.mx\/wp-content\/uploads\/2025\/08\/LOSGO.jpg?fit=782%2C583&ssl=1","jetpack-related-posts":[],"jetpack_sharing_enabled":true,"_links":{"self":[{"href":"https:\/\/politicosaldesnudo.com.mx\/index.php\/wp-json\/wp\/v2\/posts\/69120","targetHints":{"allow":["GET"]}}],"collection":[{"href":"https:\/\/politicosaldesnudo.com.mx\/index.php\/wp-json\/wp\/v2\/posts"}],"about":[{"href":"https:\/\/politicosaldesnudo.com.mx\/index.php\/wp-json\/wp\/v2\/types\/post"}],"author":[{"embeddable":true,"href":"https:\/\/politicosaldesnudo.com.mx\/index.php\/wp-json\/wp\/v2\/users\/4"}],"replies":[{"embeddable":true,"href":"https:\/\/politicosaldesnudo.com.mx\/index.php\/wp-json\/wp\/v2\/comments?post=69120"}],"version-history":[{"count":0,"href":"https:\/\/politicosaldesnudo.com.mx\/index.php\/wp-json\/wp\/v2\/posts\/69120\/revisions"}],"wp:featuredmedia":[{"embeddable":true,"href":"https:\/\/politicosaldesnudo.com.mx\/index.php\/wp-json\/wp\/v2\/media\/69121"}],"wp:attachment":[{"href":"https:\/\/politicosaldesnudo.com.mx\/index.php\/wp-json\/wp\/v2\/media?parent=69120"}],"wp:term":[{"taxonomy":"category","embeddable":true,"href":"https:\/\/politicosaldesnudo.com.mx\/index.php\/wp-json\/wp\/v2\/categories?post=69120"},{"taxonomy":"post_tag","embeddable":true,"href":"https:\/\/politicosaldesnudo.com.mx\/index.php\/wp-json\/wp\/v2\/tags?post=69120"}],"curies":[{"name":"wp","href":"https:\/\/api.w.org\/{rel}","templated":true}]}}