{"id":69123,"date":"2025-08-20T00:13:52","date_gmt":"2025-08-20T06:13:52","guid":{"rendered":"https:\/\/politicosaldesnudo.com.mx\/?p=69123"},"modified":"2025-08-19T22:41:11","modified_gmt":"2025-08-20T04:41:11","slug":"morena-cuestiona-al-gobernador-pablo-lemus-proyecto-de-linea-5-de-guadalajara","status":"publish","type":"post","link":"https:\/\/politicosaldesnudo.com.mx\/index.php\/2025\/08\/20\/morena-cuestiona-al-gobernador-pablo-lemus-proyecto-de-linea-5-de-guadalajara\/","title":{"rendered":"Morena cuestiona al gobernador Pablo Lemus proyecto de L\u00ednea 5 de Guadalajara"},"content":{"rendered":"<p class=\"nota-justify\">La diputada federal morenista Merilyn G\u00f3mez Pozos pidi\u00f3 al gobernador emecista Pablo Lemus concluir primero la l\u00ednea 4 del tren ligero, que conectar\u00e1 a la capital jalisciense con Tlajomulco, antes de esperar recursos para realizar lo que el mandatario ha llamado \u201cl\u00ednea 5 hacia el aeropuerto\u201d.<\/p>\n<p class=\"nota-justify\">En realidad esa \u201cl\u00ednea 5\u201d no ser\u00eda de tren ligero -como Lemus se comprometi\u00f3 el a\u00f1o pasado en su campa\u00f1a-, sino una ruta de autobuses articulados por carril restringido (conocidos como BRT), cuyo servicio ser\u00e1 otorgado a empresarios camioneros para su explotaci\u00f3n comercial.<\/p>\n<p class=\"nota-justify\">G\u00f3mez Pozos afirm\u00f3 que el gobernador busca apresurar la \u201cl\u00ednea 5\u201d no s\u00f3lo antes de que su gobierno termine la parte que le corresponde para concluir la l\u00ednea 4 del tren ligero, sino antes que la Secretar\u00eda de Infraestructura, Comunicaciones y Transportes termine un estudio por la carretera a Chapala, del cual se desprender\u00e1 la decisi\u00f3n de cu\u00e1l tipo de transporte p\u00fablico es el necesario para dar servicio a ese corredor.<\/p>\n<p class=\"nota-justify\">\u201cLe pedir\u00eda al gobernador que espere los resultados de este dictamen t\u00e9cnico para ver qu\u00e9 es lo mejor (&#8230;) Me llevo de tarea para ver en la SICT c\u00f3mo va y para cu\u00e1ndo lo podemos tener, porque la cosa es que la L\u00ednea 5 ya la est\u00e1n llevando a cabo sin este dictamen\u201d, dijo la legisladora.<\/p>\n<p class=\"nota-justify\">Contrario a su compromiso de campa\u00f1a de que har\u00eda la l\u00ednea 5 del tren ligero hacia el aeropuerto, tras su llegada al cargo, Pablo Lemus anunci\u00f3 que ser\u00edan BRTs el\u00e9ctricos los que recorrer\u00e1n la ruta, para la cual desde hace meses se iniciaron trabajos de acondicionamiento y ampliaci\u00f3n de la carretera a Chapala.<\/p>\n<p class=\"nota-justify\">En esa carretera, una de las m\u00e1s transitadas de la entidad, desde hace meses comenzaron las obras de ampliaci\u00f3n y se ha dejado el centro de la autopista restringido para usar dos carriles por los que ir\u00edan los camiones, un servicio que a su vez ser\u00e1 operado por particulares como lo hacen en las otras dos rutas conocidas como macrob\u00fas y perib\u00fas. La inversi\u00f3n p\u00fablica anunciada es de 2 mil 550 millones de pesos.<\/p>\n<p class=\"nota-justify\">\u201cLa decisi\u00f3n tiene que darse de manera t\u00e9cnica, no pol\u00edtica. La prisa aqu\u00ed es porque viene el Mundial (de f\u00fatbol el a\u00f1o pr\u00f3ximo) y tendremos (en el estadio de Chivas) 4 partidos. Pero eso transcurre en unos d\u00edas y nosotros quedar\u00edamos padeciendo un buen o mal trabajo\u201d, agreg\u00f3 G\u00f3mez Pozos.<\/p>\n<p class=\"nota-justify\">Desde el anuncio de Lemus a principios de a\u00f1o de sustituir el proyecto del tren por BRTs, los colectivos ciudadanos se han organizado y han logrado conformar una red creciente de opositores, exigiendo que se respete el proyecto original de tren ligero operado por el gobierno estatal, como ocurre en las tres l\u00edneas con las que cuenta hasta ahora la zona metropolitana de Guadalajara.<\/p>\n<p class=\"nota-justify\">A partir de junio el grupo opositor ha intentado sin \u00e9xito entrevistarse con la alcaldesa morenista de Tlaquepaque, Laura Imelda P\u00e9rez, a quien han entregado en la presidencia municipal varios escritos para pedir su intervenci\u00f3n e impedir que el proyecto del autob\u00fas articulado avance, dado que por ley los municipios pueden incidir en el servicio de transporte que se preste en su territorio.<\/p>\n<p class=\"nota-justify\">Ante la falta de respuesta municipal, este martes entregaron ese mismo escrito en palacio nacional, dirigido a la presidenta Claudia Sheinbaum, a quien piden su gesti\u00f3n para que la alcaldesa reciba a los inconformes y obligue a cancelar el proyecto del autob\u00fas para retomar el del tren ligero, tal como fue el compromiso del gobernador y como es necesario para \u201cdar transporte digno\u201d a quienes viven en una zona que adem\u00e1s de Tlaquepaque incluye municipios como El Salto y Juanacatl\u00e1n, sede del corredor industrial m\u00e1s grande del estado.<\/p>\n","protected":false},"excerpt":{"rendered":"<p>La diputada federal morenista Merilyn G\u00f3mez Pozos pidi\u00f3 al gobernador emecista Pablo Lemus concluir primero la l\u00ednea 4 del tren<\/p>\n","protected":false},"author":4,"featured_media":69124,"comment_status":"closed","ping_status":"closed","sticky":false,"template":"","format":"standard","meta":{"colormag_page_container_layout":"default_layout","colormag_page_sidebar_layout":"default_layout","_jetpack_memberships_contains_paid_content":false,"footnotes":"","jetpack_publicize_message":"","jetpack_publicize_feature_enabled":true,"jetpack_social_post_already_shared":true,"jetpack_social_options":{"image_generator_settings":{"template":"highway","default_image_id":0,"font":"","enabled":false},"version":2}},"categories":[30],"tags":[],"class_list":["post-69123","post","type-post","status-publish","format-standard","has-post-thumbnail","hentry","category-estados"],"jetpack_publicize_connections":[],"jetpack_featured_media_url":"https:\/\/i0.wp.com\/politicosaldesnudo.com.mx\/wp-content\/uploads\/2025\/08\/Lemus-confirma-que-la-linea-5-del-Tren-Ligero-en-Jalisco-tendria-una-inversion-publico-privada.png?fit=1200%2C628&ssl=1","jetpack-related-posts":[],"jetpack_sharing_enabled":true,"_links":{"self":[{"href":"https:\/\/politicosaldesnudo.com.mx\/index.php\/wp-json\/wp\/v2\/posts\/69123","targetHints":{"allow":["GET"]}}],"collection":[{"href":"https:\/\/politicosaldesnudo.com.mx\/index.php\/wp-json\/wp\/v2\/posts"}],"about":[{"href":"https:\/\/politicosaldesnudo.com.mx\/index.php\/wp-json\/wp\/v2\/types\/post"}],"author":[{"embeddable":true,"href":"https:\/\/politicosaldesnudo.com.mx\/index.php\/wp-json\/wp\/v2\/users\/4"}],"replies":[{"embeddable":true,"href":"https:\/\/politicosaldesnudo.com.mx\/index.php\/wp-json\/wp\/v2\/comments?post=69123"}],"version-history":[{"count":0,"href":"https:\/\/politicosaldesnudo.com.mx\/index.php\/wp-json\/wp\/v2\/posts\/69123\/revisions"}],"wp:featuredmedia":[{"embeddable":true,"href":"https:\/\/politicosaldesnudo.com.mx\/index.php\/wp-json\/wp\/v2\/media\/69124"}],"wp:attachment":[{"href":"https:\/\/politicosaldesnudo.com.mx\/index.php\/wp-json\/wp\/v2\/media?parent=69123"}],"wp:term":[{"taxonomy":"category","embeddable":true,"href":"https:\/\/politicosaldesnudo.com.mx\/index.php\/wp-json\/wp\/v2\/categories?post=69123"},{"taxonomy":"post_tag","embeddable":true,"href":"https:\/\/politicosaldesnudo.com.mx\/index.php\/wp-json\/wp\/v2\/tags?post=69123"}],"curies":[{"name":"wp","href":"https:\/\/api.w.org\/{rel}","templated":true}]}}