{"id":69126,"date":"2025-08-20T00:14:17","date_gmt":"2025-08-20T06:14:17","guid":{"rendered":"https:\/\/politicosaldesnudo.com.mx\/?p=69126"},"modified":"2025-08-19T22:43:39","modified_gmt":"2025-08-20T04:43:39","slug":"veracruz-denuncian-falta-de-pagos-a-empleados-del-sector-salud","status":"publish","type":"post","link":"https:\/\/politicosaldesnudo.com.mx\/index.php\/2025\/08\/20\/veracruz-denuncian-falta-de-pagos-a-empleados-del-sector-salud\/","title":{"rendered":"Veracruz: denuncian falta de pagos a empleados del sector salud"},"content":{"rendered":"<p class=\"nota-justify\">Trabajadores y ex trabajadores del sector salud se manifestaron frente al palacio de gobierno de Veracruz, en la ciudad de Xalapa, para denunciar la falta de pagos y exigir que las autoridades resuelvan la problem\u00e1tica lo antes posible.<\/p>\n<p class=\"nota-justify\">Vicente S\u00e1nchez, empleado del \u00e1rea de limpieza de un hospital de esa entidad, denunci\u00f3 que \u00e9l y todos sus compa\u00f1eros enfrentan pagos atrasados, adem\u00e1s de malas condiciones laborales, como no tener seguridad social ni los insumos adecuados para realizar su trabajo.<\/p>\n<p class=\"nota-justify\">Dijo que quien viola sus derechos es una empresa privada contratada por la Secretar\u00eda de Salud de Veracruz, por lo que piden la intervenci\u00f3n directa de la gobernadora Roc\u00edo Nahle Garc\u00eda para encontrar una soluci\u00f3n.<\/p>\n<p class=\"nota-justify\">A\u00f1adi\u00f3 que han sido amenazados para no participar en las protestas; sin embargo la situaci\u00f3n es insostenible, por lo que continuar\u00e1n manifest\u00e1ndose el tiempo que sea necesario, adem\u00e1s de que podr\u00edan organizar paros laborales en los hospitales.<\/p>\n<p class=\"nota-justify\">Estamos decididos, junto con los compa\u00f1eros que est\u00e1n en los hospitales, a hacer paros por horas hasta que sean solucionados nuestros problemas, (\u2026) le hacemos un llamado a la mandataria, primero como es es sector salud, ella debe de ser emp\u00e1tica\u201d, coment\u00f3.<\/p>\n<p class=\"nota-justify\">Por otro lado, ex trabajadores del extinto Seguro Popular denunciaron que tras ocho a\u00f1os de mantenerse en lucha y haber ganado algunos laudos, el gobierno se ha negado a realizar los pagos correspondientes.<\/p>\n","protected":false},"excerpt":{"rendered":"<p>Trabajadores y ex trabajadores del sector salud se manifestaron frente al palacio de gobierno de Veracruz, en la ciudad de<\/p>\n","protected":false},"author":4,"featured_media":69127,"comment_status":"closed","ping_status":"closed","sticky":false,"template":"","format":"standard","meta":{"colormag_page_container_layout":"default_layout","colormag_page_sidebar_layout":"default_layout","_jetpack_memberships_contains_paid_content":false,"footnotes":"","jetpack_publicize_message":"","jetpack_publicize_feature_enabled":true,"jetpack_social_post_already_shared":true,"jetpack_social_options":{"image_generator_settings":{"template":"highway","default_image_id":0,"font":"","enabled":false},"version":2}},"categories":[30],"tags":[],"class_list":["post-69126","post","type-post","status-publish","format-standard","has-post-thumbnail","hentry","category-estados"],"jetpack_publicize_connections":[],"jetpack_featured_media_url":"https:\/\/i0.wp.com\/politicosaldesnudo.com.mx\/wp-content\/uploads\/2025\/08\/DEI.jpg?fit=780%2C510&ssl=1","jetpack-related-posts":[],"jetpack_sharing_enabled":true,"_links":{"self":[{"href":"https:\/\/politicosaldesnudo.com.mx\/index.php\/wp-json\/wp\/v2\/posts\/69126","targetHints":{"allow":["GET"]}}],"collection":[{"href":"https:\/\/politicosaldesnudo.com.mx\/index.php\/wp-json\/wp\/v2\/posts"}],"about":[{"href":"https:\/\/politicosaldesnudo.com.mx\/index.php\/wp-json\/wp\/v2\/types\/post"}],"author":[{"embeddable":true,"href":"https:\/\/politicosaldesnudo.com.mx\/index.php\/wp-json\/wp\/v2\/users\/4"}],"replies":[{"embeddable":true,"href":"https:\/\/politicosaldesnudo.com.mx\/index.php\/wp-json\/wp\/v2\/comments?post=69126"}],"version-history":[{"count":0,"href":"https:\/\/politicosaldesnudo.com.mx\/index.php\/wp-json\/wp\/v2\/posts\/69126\/revisions"}],"wp:featuredmedia":[{"embeddable":true,"href":"https:\/\/politicosaldesnudo.com.mx\/index.php\/wp-json\/wp\/v2\/media\/69127"}],"wp:attachment":[{"href":"https:\/\/politicosaldesnudo.com.mx\/index.php\/wp-json\/wp\/v2\/media?parent=69126"}],"wp:term":[{"taxonomy":"category","embeddable":true,"href":"https:\/\/politicosaldesnudo.com.mx\/index.php\/wp-json\/wp\/v2\/categories?post=69126"},{"taxonomy":"post_tag","embeddable":true,"href":"https:\/\/politicosaldesnudo.com.mx\/index.php\/wp-json\/wp\/v2\/tags?post=69126"}],"curies":[{"name":"wp","href":"https:\/\/api.w.org\/{rel}","templated":true}]}}