{"id":69151,"date":"2025-08-19T23:01:18","date_gmt":"2025-08-20T05:01:18","guid":{"rendered":"https:\/\/politicosaldesnudo.com.mx\/?p=69151"},"modified":"2025-08-19T23:01:18","modified_gmt":"2025-08-20T05:01:18","slug":"la-nueva-inquisicion-judicial","status":"publish","type":"post","link":"https:\/\/politicosaldesnudo.com.mx\/index.php\/2025\/08\/19\/la-nueva-inquisicion-judicial\/","title":{"rendered":"La nueva Inquisici\u00f3n judicial"},"content":{"rendered":"<p>La \u201ctransformaci\u00f3n\u201d del Poder Judicial de la Federaci\u00f3n, cuya nueva conformaci\u00f3n entrar\u00e1 en funciones el pr\u00f3ximo 1 de septiembre, no es -como se ha querido vender desde Palacio Nacional y sus sat\u00e9lites medi\u00e1ticos y propagand\u00edsticos- una democratizaci\u00f3n de la justicia. Es, en realidad, la culminaci\u00f3n de un proceso de captura institucional que busca convertir al aparato judicial en un instrumento de persecuci\u00f3n pol\u00edtica. Y los primeros en la mira son, desde antes incluso de su entronizaci\u00f3n, los periodistas cr\u00edticos.<\/p>\n<p>Desde que tom\u00f3 el poder, el r\u00e9gimen morenista ha mostrado una obsesi\u00f3n enfermiza por controlar la narrativa p\u00fablica. Lo hizo primero desde la tribuna presidencial, con las infames \u201cma\u00f1aneras\u201d de Andr\u00e9s Manuel L\u00f3pez Obrador, que sirvieron como pared\u00f3n medi\u00e1tico para exhibir, descalificar y estigmatizar a comunicadores inc\u00f3modos.<\/p>\n<p>Luego vino la judicializaci\u00f3n del disenso: demandas por da\u00f1o moral, acusaciones de violencia pol\u00edtica de g\u00e9nero, y hasta procesos penales por delitos que deber\u00edan estar extintos en cualquier democracia funcional, que es lo que en este momento se vive en varios estados del pa\u00eds.<\/p>\n<p>Pero lo que se avecina con el nuevo Poder Judicial es a\u00fan m\u00e1s grave. Porque ahora, el garrote no ser\u00e1 solo simb\u00f3lico o medi\u00e1tico: ser\u00e1 institucional, legal, y con toga y birrete.<\/p>\n<p>La reforma judicial aprobada por el Congreso y ratificada por el Ejecutivo federal implica la creaci\u00f3n de un nuevo Tribunal de Disciplina Judicial con facultades para investigar y sancionar a jueces, magistrados e incluso ministros. En teor\u00eda, eso que podr\u00eda fortalecer la rendici\u00f3n de cuentas, en la pr\u00e1ctica abre la puerta a una \u201ccacer\u00eda de brujas\u201d contra quienes se atrevan a fallar en contra de los intereses del r\u00e9gimen, incluidas sus querellas contra periodistas que los exhiben e incluso ciudadanos que se quejen de sus abusos y corruptelas.<\/p>\n<p>M\u00e1s preocupante a\u00fan es el nuevo mecanismo de designaci\u00f3n de juzgadores. La mitad de los mil 671 jueces federales que tomar\u00e1n protesta el 1 de septiembre provienen de una elecci\u00f3n fraudulenta, en la que los perfiles -propuestos por el Legislativo y el Ejecutivo, controlados por Morena- fueron \u201celegidos\u201d a trav\u00e9s de una monumental y grotesca inducci\u00f3n del voto v\u00eda \u201cacordeones\u201d, pues nadie conoc\u00eda verdaderamente a los aspirantes cuya funci\u00f3n no ser\u00e1 la de juzgadores leg\u00edtimos, sino la de operadores pol\u00edticos con toga.<\/p>\n<p>\u00bfY qu\u00e9 se espera de ellos? No mucho. Solo que cumplan con la \u201cencomienda\u201d y castiguen a los cr\u00edticos, silencien a los inc\u00f3modos y conviertan al Poder Judicial en una extensi\u00f3n del aparato de propaganda oficial, como ya se ha podido ver que suceder\u00e1 con las actitudes y declaraciones plenas de demagogia del pr\u00f3ximo presidente de la Suprema Corte de Justicia de la Naci\u00f3n, Hugo Aguilar.<\/p>\n<p>La preocupaci\u00f3n no es gratuita ni el riesgo hipot\u00e9tico. Apenas este lunes, Beatriz Guti\u00e9rrez M\u00fcller, esposa del expresidente L\u00f3pez Obrador, escribi\u00f3 en redes sociales que con el nuevo Poder Judicial \u201cest\u00e1 la opci\u00f3n real de denunciarlos y que se haga justicia\u201d, refiri\u00e9ndose a periodistas que replicaron la informaci\u00f3n de un diario espa\u00f1ol sobre su presunta mudanza \u2013desmentida a medias- a un lujoso fraccionamiento en Espa\u00f1a. La frase fue acompa\u00f1ada de un amenazante \u201cesperen sentados\u201d.<\/p>\n<p>No es la primera vez que desde el entorno presidencial se lanza una amenaza directa contra medios y periodistas \u201cinc\u00f3modos\u201d. Pero esta vez, la diferencia es que el r\u00e9gimen tendr\u00e1 a su disposici\u00f3n un aparato judicial renovado, alineado y dispuesto a ejecutar esas advertencias, como ha quedado claro con la embestida de los \u00faltimos meses, en los que varios periodistas han sido v\u00edctimas de censura y acoso judicial por sus cr\u00edticas a pol\u00edticos del r\u00e9gimen.<\/p>\n<p>Aunque la Corte saliente emiti\u00f3 recientemente criterios jurisprudenciales que fortalecen la protecci\u00f3n de periodistas frente a demandas civiles y reconocen, por ejemplo, que las opiniones sobre asuntos de inter\u00e9s p\u00fablico merecen protecci\u00f3n constitucional, esos criterios podr\u00edan quedar en letra muerta si la nueva \u201cInquisici\u00f3n\u201d, o sea, el Tribunal de Disciplina Judicial, decide ignorarlos, reinterpretarlos, o simplemente perseguir a los jueces que los apliquen.<\/p>\n<p>La reforma judicial se vendi\u00f3 como una medida para acercar la justicia al pueblo, pero en realidad busca acercarla al poder. Se dijo que permitir\u00eda elegir a los jueces, pero lo que se eligi\u00f3 fue a los leales. Se prometi\u00f3 que fortalecer\u00eda la independencia, pero lo que se consolid\u00f3 fue la subordinaci\u00f3n.<\/p>\n<p>El 1 de septiembre ser\u00e1 una fecha clave. No solo por la instalaci\u00f3n del nuevo Poder Judicial, sino por lo que representa: el intento de consolidar un r\u00e9gimen que no tolera la cr\u00edtica, que no respeta la autonom\u00eda, y que no cree en la libertad.<\/p>\n<p>Para eso quer\u00edan su reforma judicial. Ni m\u00e1s ni menos.<\/p>\n<p><img data-recalc-dims=\"1\" loading=\"lazy\" decoding=\"async\" class=\"aligncenter size-full wp-image-68917\" src=\"https:\/\/i0.wp.com\/politicosaldesnudo.com.mx\/wp-content\/uploads\/2025\/08\/FIRMA-EDITORIAL-PD-4.jpg?resize=800%2C98&#038;ssl=1\" alt=\"\" width=\"800\" height=\"98\" srcset=\"https:\/\/i0.wp.com\/politicosaldesnudo.com.mx\/wp-content\/uploads\/2025\/08\/FIRMA-EDITORIAL-PD-4.jpg?w=1024&amp;ssl=1 1024w, https:\/\/i0.wp.com\/politicosaldesnudo.com.mx\/wp-content\/uploads\/2025\/08\/FIRMA-EDITORIAL-PD-4.jpg?resize=300%2C37&amp;ssl=1 300w, https:\/\/i0.wp.com\/politicosaldesnudo.com.mx\/wp-content\/uploads\/2025\/08\/FIRMA-EDITORIAL-PD-4.jpg?resize=768%2C94&amp;ssl=1 768w\" sizes=\"auto, (max-width: 800px) 100vw, 800px\" \/><\/p>\n","protected":false},"excerpt":{"rendered":"<p>La \u201ctransformaci\u00f3n\u201d del Poder Judicial de la Federaci\u00f3n, cuya nueva conformaci\u00f3n entrar\u00e1 en funciones el pr\u00f3ximo 1 de septiembre, no<\/p>\n","protected":false},"author":4,"featured_media":46001,"comment_status":"closed","ping_status":"closed","sticky":false,"template":"","format":"standard","meta":{"colormag_page_container_layout":"default_layout","colormag_page_sidebar_layout":"default_layout","_jetpack_memberships_contains_paid_content":false,"footnotes":"","jetpack_publicize_message":"","jetpack_publicize_feature_enabled":true,"jetpack_social_post_already_shared":true,"jetpack_social_options":{"image_generator_settings":{"template":"highway","default_image_id":0,"font":"","enabled":false},"version":2}},"categories":[26],"tags":[],"class_list":["post-69151","post","type-post","status-publish","format-standard","has-post-thumbnail","hentry","category-columnistas"],"jetpack_publicize_connections":[],"jetpack_featured_media_url":"https:\/\/i0.wp.com\/politicosaldesnudo.com.mx\/wp-content\/uploads\/2024\/09\/RUBICA-2.jpg?fit=800%2C445&ssl=1","jetpack-related-posts":[],"jetpack_sharing_enabled":true,"_links":{"self":[{"href":"https:\/\/politicosaldesnudo.com.mx\/index.php\/wp-json\/wp\/v2\/posts\/69151","targetHints":{"allow":["GET"]}}],"collection":[{"href":"https:\/\/politicosaldesnudo.com.mx\/index.php\/wp-json\/wp\/v2\/posts"}],"about":[{"href":"https:\/\/politicosaldesnudo.com.mx\/index.php\/wp-json\/wp\/v2\/types\/post"}],"author":[{"embeddable":true,"href":"https:\/\/politicosaldesnudo.com.mx\/index.php\/wp-json\/wp\/v2\/users\/4"}],"replies":[{"embeddable":true,"href":"https:\/\/politicosaldesnudo.com.mx\/index.php\/wp-json\/wp\/v2\/comments?post=69151"}],"version-history":[{"count":0,"href":"https:\/\/politicosaldesnudo.com.mx\/index.php\/wp-json\/wp\/v2\/posts\/69151\/revisions"}],"wp:featuredmedia":[{"embeddable":true,"href":"https:\/\/politicosaldesnudo.com.mx\/index.php\/wp-json\/wp\/v2\/media\/46001"}],"wp:attachment":[{"href":"https:\/\/politicosaldesnudo.com.mx\/index.php\/wp-json\/wp\/v2\/media?parent=69151"}],"wp:term":[{"taxonomy":"category","embeddable":true,"href":"https:\/\/politicosaldesnudo.com.mx\/index.php\/wp-json\/wp\/v2\/categories?post=69151"},{"taxonomy":"post_tag","embeddable":true,"href":"https:\/\/politicosaldesnudo.com.mx\/index.php\/wp-json\/wp\/v2\/tags?post=69151"}],"curies":[{"name":"wp","href":"https:\/\/api.w.org\/{rel}","templated":true}]}}