{"id":69182,"date":"2025-08-21T00:08:18","date_gmt":"2025-08-21T06:08:18","guid":{"rendered":"https:\/\/politicosaldesnudo.com.mx\/?p=69182"},"modified":"2025-08-20T21:01:34","modified_gmt":"2025-08-21T03:01:34","slug":"vagon-de-tren-maya-no-descarrilo-se-desvio-aguja-en-cambio-de-via-lozano","status":"publish","type":"post","link":"https:\/\/politicosaldesnudo.com.mx\/index.php\/2025\/08\/21\/vagon-de-tren-maya-no-descarrilo-se-desvio-aguja-en-cambio-de-via-lozano\/","title":{"rendered":"Vag\u00f3n de Tren Maya no descarril\u00f3, se desvi\u00f3 aguja en cambio de v\u00eda: Lozano"},"content":{"rendered":"<p class=\"nota-justify\">El director general del Tren Maya, general \u00d3scar David Lozano, inform\u00f3 que no hubo descarrilamiento de un vag\u00f3n en la estaci\u00f3n Izamal, en Yucat\u00e1n, sino un desv\u00edo de aguja derivado de una anomal\u00eda en el cambio de v\u00eda.<\/p>\n<p class=\"nota-justify\">Dijo que reportaron a la Fiscal\u00eda General de la Rep\u00fablica (FGR) oara abrir una carpeta de investigaci\u00f3n del \u00a0incidente. Desde anoche, \u00a0peritos eval\u00faan \u00a0los da\u00f1os y verifican \u00a0las causas del percance de v\u00eda, lo que es necesario para el seguro.<\/p>\n<p class=\"nota-justify\">Una \u00a0una vez que se determinen las causas, \u00a0\u201cse van a establecer acciones correctivas para garantizar la seguridad de las personas y tambi\u00e9n de las operaciones\u201d, afirm\u00f3.<\/p>\n<p class=\"nota-justify\">En la ma\u00f1anera del pueblo, explic\u00f3 que todos los pasajeros de los trenes 304 y 307 involucrados en este percance se encuentran bien.<\/p>\n<p class=\"nota-justify\">\u201cLa seguridad de cada persona que viaja con nosotros es y seguir\u00e1 siendo nuestra prioridad absoluta\u201d, afirm\u00f3.<\/p>\n<p>Detall\u00f3 que en la v\u00eda cuatro de la estaci\u00f3n Izamal, el Tren 304, procedente de Canc\u00fan, sufri\u00f3 intempestivamente un\u00a0 cambio en uno de sus bogies, lo que provoc\u00f3 que cambiara de posici\u00f3n completamente y saliera de la v\u00eda, pero \u201cno es un descarrilamiento\u201d y eso provoc\u00f3 que \u201cal salirse, quedar\u00e1 ligeramente recostado en el Tren 307\u201d, que estaba estacionado.<\/p>\n<p class=\"nota-justify\">Es decir, subray\u00f3, \u201ces una anomal\u00eda que tenemos que analizar porque eso no deber\u00eda haber pasado en el dise\u00f1o del sistema ferroviario\u201d.<\/p>\n<p class=\"nota-justify\">Resalt\u00f3 que el coche n\u00famero cuatro del Tren 304 qued\u00f3 sobre la v\u00eda dos, sin salir de la v\u00eda.<\/p>\n<p class=\"nota-justify\">Precis\u00f3 que inmediatamente despu\u00e9s del incidente aplicaron\u00a0 los protocolos de seguridad. \u201cLa maquinista, al sentir el jal\u00f3n de desacople de la v\u00eda, aplica el freno de emergencia como est\u00e1 previsto, \u00e9ste funciona y el tren se detiene\u201d.<\/p>\n<p class=\"nota-justify\">Indic\u00f3 que los pasajeros no tuvieron afectaciones ni lesiones. \u201cPersonal a bordo del Tren Maya y la Guardia nacional est\u00e1n capacitados para atender situaciones de crisis. Ellos se encargaron de bajar y evacuar a todos los pasajeros\u201d.<\/p>\n<p class=\"nota-justify\">El militar manifest\u00f3 que no hubo afectaciones en servicios y corridas del d\u00eda por ese incidente.<\/p>\n","protected":false},"excerpt":{"rendered":"<p>El director general del Tren Maya, general \u00d3scar David Lozano, inform\u00f3 que no hubo descarrilamiento de un vag\u00f3n en la<\/p>\n","protected":false},"author":4,"featured_media":69183,"comment_status":"closed","ping_status":"closed","sticky":false,"template":"","format":"standard","meta":{"colormag_page_container_layout":"default_layout","colormag_page_sidebar_layout":"default_layout","_jetpack_memberships_contains_paid_content":false,"footnotes":"","jetpack_publicize_message":"","jetpack_publicize_feature_enabled":true,"jetpack_social_post_already_shared":true,"jetpack_social_options":{"image_generator_settings":{"template":"highway","default_image_id":0,"font":"","enabled":false},"version":2}},"categories":[33],"tags":[],"class_list":["post-69182","post","type-post","status-publish","format-standard","has-post-thumbnail","hentry","category-nacional"],"jetpack_publicize_connections":[],"jetpack_featured_media_url":"https:\/\/i0.wp.com\/politicosaldesnudo.com.mx\/wp-content\/uploads\/2025\/08\/97206787.jpg?fit=800%2C500&ssl=1","jetpack-related-posts":[],"jetpack_sharing_enabled":true,"_links":{"self":[{"href":"https:\/\/politicosaldesnudo.com.mx\/index.php\/wp-json\/wp\/v2\/posts\/69182","targetHints":{"allow":["GET"]}}],"collection":[{"href":"https:\/\/politicosaldesnudo.com.mx\/index.php\/wp-json\/wp\/v2\/posts"}],"about":[{"href":"https:\/\/politicosaldesnudo.com.mx\/index.php\/wp-json\/wp\/v2\/types\/post"}],"author":[{"embeddable":true,"href":"https:\/\/politicosaldesnudo.com.mx\/index.php\/wp-json\/wp\/v2\/users\/4"}],"replies":[{"embeddable":true,"href":"https:\/\/politicosaldesnudo.com.mx\/index.php\/wp-json\/wp\/v2\/comments?post=69182"}],"version-history":[{"count":0,"href":"https:\/\/politicosaldesnudo.com.mx\/index.php\/wp-json\/wp\/v2\/posts\/69182\/revisions"}],"wp:featuredmedia":[{"embeddable":true,"href":"https:\/\/politicosaldesnudo.com.mx\/index.php\/wp-json\/wp\/v2\/media\/69183"}],"wp:attachment":[{"href":"https:\/\/politicosaldesnudo.com.mx\/index.php\/wp-json\/wp\/v2\/media?parent=69182"}],"wp:term":[{"taxonomy":"category","embeddable":true,"href":"https:\/\/politicosaldesnudo.com.mx\/index.php\/wp-json\/wp\/v2\/categories?post=69182"},{"taxonomy":"post_tag","embeddable":true,"href":"https:\/\/politicosaldesnudo.com.mx\/index.php\/wp-json\/wp\/v2\/tags?post=69182"}],"curies":[{"name":"wp","href":"https:\/\/api.w.org\/{rel}","templated":true}]}}