{"id":69197,"date":"2025-08-21T00:13:27","date_gmt":"2025-08-21T06:13:27","guid":{"rendered":"https:\/\/politicosaldesnudo.com.mx\/?p=69197"},"modified":"2025-08-20T21:13:50","modified_gmt":"2025-08-21T03:13:50","slug":"con-paro-exigen-afanadores-de-sector-salud-en-veracruz-pago-de-salarios-e-insumos","status":"publish","type":"post","link":"https:\/\/politicosaldesnudo.com.mx\/index.php\/2025\/08\/21\/con-paro-exigen-afanadores-de-sector-salud-en-veracruz-pago-de-salarios-e-insumos\/","title":{"rendered":"Con paro, exigen afanadores de sector salud en Veracruz pago de salarios e insumos"},"content":{"rendered":"<p class=\"nota-justify\">Alrededor de 3 mil trabajadores del \u00e1rea de limpieza del sector salud del estado de Veracruz se mantienen en paro para exigir el pago de la quincena pasada y los materiales necesarios para realizar su labor, situaci\u00f3n que ha ocasionado que la basura y desechos m\u00e9dicos comiencen a acumularse, adem\u00e1s de que algunas \u00e1reas son inoperantes por la suciedad que prevalece.<\/p>\n<p class=\"nota-justify\">Durante una manifestaci\u00f3n en el puerto de Veracruz, los inconformes se\u00f1alaron que ya suman m\u00e1s de 24 horas de protesta en toda la entidad; no obstante, el gobierno de Roc\u00edo Nahle Garc\u00eda no les ha dado una respuesta, por lo que no reanudar\u00e1n sus actividades hasta que se cumplan sus peticiones.<\/p>\n<p class=\"nota-justify\">Acusaron que la empresa privada a la que pertenecen, denominada Limpieza Especializada Industrial y Hospitalaria, no ha recibido los pagos correspondientes desde el pasado mes de abril, por lo que ha tenido dificultad para cubrir a tiempo los sueldos de los empleados.<\/p>\n<p class=\"nota-justify\">Sergio Aguilar Mart\u00ednez, coordinador de la compa\u00f1\u00eda, explic\u00f3 que tienen un contrato para otorgar sus servicios en todo el estado, por lo que esta problem\u00e1tica se ha replicado en Poza Rica, Veracruz, Boca del R\u00edo y Xalapa, entre otros municipios.<\/p>\n<p class=\"nota-justify\">\u201cDe trabajadores somos arriba de 3 mil en la entidad y (la protesta) abarca los hospitales, los centros de salud; todos los compa\u00f1eros est\u00e1n parados (\u2026) pues ahora se debe la quincena completa del 15 de agosto\u201d, indic\u00f3.<\/p>\n<p class=\"nota-justify\">Los quejosos detallaron que ha habido diversas promesas de pago por parte del gobierno y del IMSS Bienestar a la empresa; sin embargo, hasta la noche de ayer estas no se hab\u00edan concretado, por lo que podr\u00edan intensificarse sus acciones.<\/p>\n<p class=\"nota-justify\">A\u00f1adieron que debido a la falta de recursos de la firma, a los empleados se les ha negado tambi\u00e9n el pago de seguro social y vacaciones, adem\u00e1s de que no cuentan con los materiales necesarios para realizar su labor de manera segura.<\/p>\n<p class=\"nota-justify\">Algunas de las personas afectadas refirieron que sin su salario no pueden hacer frente a diversos gastos como \u00fatiles escolares y el monto de la renta; incluso varias de ellas aseguraron que no tienen dinero ni para comer.<\/p>\n<p class=\"nota-justify\">Puntualizaron que su demanda principal es que el gobierno salde de inmediato los adeudos con la compa\u00f1\u00eda en la que se desempe\u00f1an, para que de esa manera sea cubierto su sueldo; adem\u00e1s piden que les proporcionen utencilios como guantes, cubrebocas y otros que son parte de las medidas de protecci\u00f3n.<\/p>\n<p class=\"nota-justify\">\u201cNo nos vamos a quitar hasta que nos paguen, queremos que nos cumplan\u201d, afirm\u00f3 una de las manifestantes.<\/p>\n<p class=\"nota-justify\">Por su parte, familiares de pacientes que se encuentran internados en el Hospital Regional y en el Hospital Infantil de Veracruz, exigieron al gobierno del Estado se d\u00e9 una pronta soluci\u00f3n a la falta de servicios de limpieza.<\/p>\n<p class=\"nota-justify\">Reclamaron que en varias \u00e1reas se nota mucho la suciedad, por lo que existe el temor y la incertidumbre de que ello pueda provocar alg\u00fan problema de salud entre los enfermos o los visitantes.<\/p>\n","protected":false},"excerpt":{"rendered":"<p>Alrededor de 3 mil trabajadores del \u00e1rea de limpieza del sector salud del estado de Veracruz se mantienen en paro<\/p>\n","protected":false},"author":4,"featured_media":69198,"comment_status":"closed","ping_status":"closed","sticky":false,"template":"","format":"standard","meta":{"colormag_page_container_layout":"default_layout","colormag_page_sidebar_layout":"default_layout","_jetpack_memberships_contains_paid_content":false,"footnotes":"","jetpack_publicize_message":"","jetpack_publicize_feature_enabled":true,"jetpack_social_post_already_shared":true,"jetpack_social_options":{"image_generator_settings":{"template":"highway","default_image_id":0,"font":"","enabled":false},"version":2}},"categories":[30],"tags":[],"class_list":["post-69197","post","type-post","status-publish","format-standard","has-post-thumbnail","hentry","category-estados"],"jetpack_publicize_connections":[],"jetpack_featured_media_url":"https:\/\/i0.wp.com\/politicosaldesnudo.com.mx\/wp-content\/uploads\/2025\/08\/SINQ.jpg?fit=701%2C566&ssl=1","jetpack-related-posts":[],"jetpack_sharing_enabled":true,"_links":{"self":[{"href":"https:\/\/politicosaldesnudo.com.mx\/index.php\/wp-json\/wp\/v2\/posts\/69197","targetHints":{"allow":["GET"]}}],"collection":[{"href":"https:\/\/politicosaldesnudo.com.mx\/index.php\/wp-json\/wp\/v2\/posts"}],"about":[{"href":"https:\/\/politicosaldesnudo.com.mx\/index.php\/wp-json\/wp\/v2\/types\/post"}],"author":[{"embeddable":true,"href":"https:\/\/politicosaldesnudo.com.mx\/index.php\/wp-json\/wp\/v2\/users\/4"}],"replies":[{"embeddable":true,"href":"https:\/\/politicosaldesnudo.com.mx\/index.php\/wp-json\/wp\/v2\/comments?post=69197"}],"version-history":[{"count":0,"href":"https:\/\/politicosaldesnudo.com.mx\/index.php\/wp-json\/wp\/v2\/posts\/69197\/revisions"}],"wp:featuredmedia":[{"embeddable":true,"href":"https:\/\/politicosaldesnudo.com.mx\/index.php\/wp-json\/wp\/v2\/media\/69198"}],"wp:attachment":[{"href":"https:\/\/politicosaldesnudo.com.mx\/index.php\/wp-json\/wp\/v2\/media?parent=69197"}],"wp:term":[{"taxonomy":"category","embeddable":true,"href":"https:\/\/politicosaldesnudo.com.mx\/index.php\/wp-json\/wp\/v2\/categories?post=69197"},{"taxonomy":"post_tag","embeddable":true,"href":"https:\/\/politicosaldesnudo.com.mx\/index.php\/wp-json\/wp\/v2\/tags?post=69197"}],"curies":[{"name":"wp","href":"https:\/\/api.w.org\/{rel}","templated":true}]}}