{"id":69203,"date":"2025-08-21T00:15:07","date_gmt":"2025-08-21T06:15:07","guid":{"rendered":"https:\/\/politicosaldesnudo.com.mx\/?p=69203"},"modified":"2025-08-20T21:17:14","modified_gmt":"2025-08-21T03:17:14","slug":"alto-a-las-extorsiones-disfrazadas-de-cuotas-exigen-productores-de-durango","status":"publish","type":"post","link":"https:\/\/politicosaldesnudo.com.mx\/index.php\/2025\/08\/21\/alto-a-las-extorsiones-disfrazadas-de-cuotas-exigen-productores-de-durango\/","title":{"rendered":"Alto a las extorsiones disfrazadas de cuotas, exigen productores de Durango"},"content":{"rendered":"<p class=\"nota-justify\">Los sectores productivos de la Comarca Lagunera de Durango demandaron un alto a las extorsiones y cobros de piso disfrazados de \u201ccuotas sindicales\u201d realizadas por operadores vinculados a la Confederaci\u00f3n Aut\u00f3noma de Trabajadores y Empleados de M\u00e9xico (Catem), organizaci\u00f3n sindical vinculada al diputado federal morenista Pedro Haces. Afirmaron que quienes se niegan a pagar reciben amenazas, agresiones y represalias.<\/p>\n<p class=\"nota-justify\">Expusieron lo anterior en un desplegado llamado \u201cLa Laguna de Durango unida contra la extorsi\u00f3n\u201d, en el cual el sector productivo de esa zona se\u00f1al\u00f3 que ya no aguantan m\u00e1s.<\/p>\n<p class=\"nota-justify\">A la petici\u00f3n se sumaron 13 organizaciones de campesinos, ganaderos, transportistas, comerciantes, apicultores, agricultores, engordadores de ganado, prestadores de servicios y trabajadores independientes.<\/p>\n<p class=\"nota-justify\">\u201cDenunciamos con firmeza que contin\u00faan las extorsiones y cobros ilegales que siguen amenazando la econom\u00eda regional a manos de operadores vinculados a la Catem y grupos del crimen organizado\u201d, se\u00f1alaron en el comunicado publicado en medios locales.<\/p>\n<p class=\"nota-justify\">Acusaron que les cobran cuota por cada metro c\u00fabico de material de construcci\u00f3n transportado y por movilizaci\u00f3n de ganado. Incluso, los intimidan para apropiarse de las obras p\u00fablicas y privadas.<\/p>\n<p class=\"nota-justify\">Les exigen pagos forzados a comerciantes, taqueros, transportistas y peque\u00f1os negocios, y existe un control exclusivo e ilegal de la venta de pollinaza.<\/p>\n<p class=\"nota-justify\">En el campo, les cobran hasta 20 mil pesos por el riego de una hect\u00e1rea, hay un control forzado del mercado de silo forrajero y alfalfa con imposici\u00f3n de precios y distribuci\u00f3n.<\/p>\n<p class=\"nota-justify\">Manifestaron que existe la extorsi\u00f3n sistem\u00e1tica en los alcohol\u00edmetros con injerencia de grupos delictivos, entre otros.<\/p>\n<p class=\"nota-justify\">Solicitaron a la presidenta Claudia Sheinbaum Pardo y al secretario de Seguridad y Protecci\u00f3n Ciudadana, Omar Garcia Harfuch, su intervenci\u00f3n inmediata para desmantelar la red de extorsi\u00f3n y contubernio que existe en la regi\u00f3n de la Laguna.<\/p>\n<p class=\"nota-justify\">Pidieron una investigaci\u00f3n del gobierno federal por los posibles v\u00ednculos de la organizaci\u00f3n con el crimen organizado, protecci\u00f3n a las v\u00edctimas y sanci\u00f3n a funcionarios y autoridades c\u00f3mplices o negligentes.<\/p>\n<p class=\"nota-justify\">\u201cDenunciamos la desviaci\u00f3n de las funciones sindicales legitimas de la Catem Durango hacia actividades econ\u00f3micas ajenas a su objeto social y la portaci\u00f3n de armas de fuego de su cuerpo de seguridad, (porque) rebasan sus atribuciones legales; (adem\u00e1s) ejercen pr\u00e1cticas monop\u00f3licas e intimidatorias\u201d, abundaron.<\/p>\n<p class=\"nota-justify\">Aseguraron que est\u00e1n a favor del proyecto Agua Saludable para La Laguna, una iniciativa clave para el desarrollo regional. Sin embargo, reclamaron una investigaci\u00f3n exhaustiva y sanciones ejemplares para la Catem, involucrada en presuntos cobros ilegales, especialmente en el distrito de riego 017.<\/p>\n<p class=\"nota-justify\">Revelaron que el impuesto criminal se expande a Tlahualilo, Ceballos, San Pedro del Gallo, Cuencam\u00e9 y muchos otros municipios.<\/p>\n","protected":false},"excerpt":{"rendered":"<p>Los sectores productivos de la Comarca Lagunera de Durango demandaron un alto a las extorsiones y cobros de piso disfrazados<\/p>\n","protected":false},"author":4,"featured_media":69204,"comment_status":"closed","ping_status":"closed","sticky":false,"template":"","format":"standard","meta":{"colormag_page_container_layout":"default_layout","colormag_page_sidebar_layout":"default_layout","_jetpack_memberships_contains_paid_content":false,"footnotes":"","jetpack_publicize_message":"","jetpack_publicize_feature_enabled":true,"jetpack_social_post_already_shared":true,"jetpack_social_options":{"image_generator_settings":{"template":"highway","default_image_id":0,"font":"","enabled":false},"version":2}},"categories":[30],"tags":[],"class_list":["post-69203","post","type-post","status-publish","format-standard","has-post-thumbnail","hentry","category-estados"],"jetpack_publicize_connections":[],"jetpack_featured_media_url":"https:\/\/i0.wp.com\/politicosaldesnudo.com.mx\/wp-content\/uploads\/2025\/08\/durango-ciudad-1024x640-1.jpeg?fit=1024%2C640&ssl=1","jetpack-related-posts":[],"jetpack_sharing_enabled":true,"_links":{"self":[{"href":"https:\/\/politicosaldesnudo.com.mx\/index.php\/wp-json\/wp\/v2\/posts\/69203","targetHints":{"allow":["GET"]}}],"collection":[{"href":"https:\/\/politicosaldesnudo.com.mx\/index.php\/wp-json\/wp\/v2\/posts"}],"about":[{"href":"https:\/\/politicosaldesnudo.com.mx\/index.php\/wp-json\/wp\/v2\/types\/post"}],"author":[{"embeddable":true,"href":"https:\/\/politicosaldesnudo.com.mx\/index.php\/wp-json\/wp\/v2\/users\/4"}],"replies":[{"embeddable":true,"href":"https:\/\/politicosaldesnudo.com.mx\/index.php\/wp-json\/wp\/v2\/comments?post=69203"}],"version-history":[{"count":0,"href":"https:\/\/politicosaldesnudo.com.mx\/index.php\/wp-json\/wp\/v2\/posts\/69203\/revisions"}],"wp:featuredmedia":[{"embeddable":true,"href":"https:\/\/politicosaldesnudo.com.mx\/index.php\/wp-json\/wp\/v2\/media\/69204"}],"wp:attachment":[{"href":"https:\/\/politicosaldesnudo.com.mx\/index.php\/wp-json\/wp\/v2\/media?parent=69203"}],"wp:term":[{"taxonomy":"category","embeddable":true,"href":"https:\/\/politicosaldesnudo.com.mx\/index.php\/wp-json\/wp\/v2\/categories?post=69203"},{"taxonomy":"post_tag","embeddable":true,"href":"https:\/\/politicosaldesnudo.com.mx\/index.php\/wp-json\/wp\/v2\/tags?post=69203"}],"curies":[{"name":"wp","href":"https:\/\/api.w.org\/{rel}","templated":true}]}}