{"id":6926,"date":"2022-06-24T15:14:27","date_gmt":"2022-06-24T20:14:27","guid":{"rendered":"https:\/\/politicosaldesnudo.com.mx\/?p=6926"},"modified":"2022-06-24T15:23:29","modified_gmt":"2022-06-24T20:23:29","slug":"en-julio-mexico-y-eu-entregaran-150-mil-visas-de-trabajo-a-migrantes","status":"publish","type":"post","link":"https:\/\/politicosaldesnudo.com.mx\/index.php\/2022\/06\/24\/en-julio-mexico-y-eu-entregaran-150-mil-visas-de-trabajo-a-migrantes\/","title":{"rendered":"En julio, M\u00e9xico y EU entregaran 150 mil visas de trabajo a migrantes"},"content":{"rendered":"<p>&nbsp;<\/p>\n<p class=\"p1\"><span style=\"font-size: 14pt;\"><em><strong>Ciudad de M\u00e9xico.<\/strong><\/em> El secretario de Gobernaci\u00f3n, <strong>Ad\u00e1n Augusto L\u00f3pez<\/strong>, inform\u00f3 que en la reuni\u00f3n que sostendr\u00e1n el pr\u00f3ximo mes de julio, los presidentes<strong> Andr\u00e9s Manuel L\u00f3pez Obrador y Joen Biden, en Estados Unidos, firmar\u00e1n un acuerdo de entrega de 150 mil visas de trabajo a migrantes.<\/strong><\/span><\/p>\n<p class=\"p1\"><span style=\"font-size: 18pt;\"><strong>Fue durante el paso de Ad\u00e1n Augusto L\u00f3pez por la ciudad fronteriza de Tijuana que ahond\u00f3 en el tema e incluso se\u00f1al\u00f3 que la reuni\u00f3n se tiene pactada para el pr\u00f3ximo mes de julio.<\/strong><\/span><\/p>\n<p>&nbsp;<\/p>\n<p><img data-recalc-dims=\"1\" loading=\"lazy\" decoding=\"async\" class=\"aligncenter wp-image-6933 size-large\" src=\"https:\/\/i0.wp.com\/politicosaldesnudo.com.mx\/wp-content\/uploads\/2022\/06\/P-ADA%CC%81NAUGUSTO-1024x573.png?resize=800%2C448&#038;ssl=1\" alt=\"\" width=\"800\" height=\"448\" srcset=\"https:\/\/i0.wp.com\/politicosaldesnudo.com.mx\/wp-content\/uploads\/2022\/06\/P-ADA%CC%81NAUGUSTO.png?resize=1024%2C573&amp;ssl=1 1024w, https:\/\/i0.wp.com\/politicosaldesnudo.com.mx\/wp-content\/uploads\/2022\/06\/P-ADA%CC%81NAUGUSTO.png?resize=300%2C168&amp;ssl=1 300w, https:\/\/i0.wp.com\/politicosaldesnudo.com.mx\/wp-content\/uploads\/2022\/06\/P-ADA%CC%81NAUGUSTO.png?resize=768%2C430&amp;ssl=1 768w, https:\/\/i0.wp.com\/politicosaldesnudo.com.mx\/wp-content\/uploads\/2022\/06\/P-ADA%CC%81NAUGUSTO.png?resize=1536%2C859&amp;ssl=1 1536w, https:\/\/i0.wp.com\/politicosaldesnudo.com.mx\/wp-content\/uploads\/2022\/06\/P-ADA%CC%81NAUGUSTO.png?w=1816&amp;ssl=1 1816w, https:\/\/i0.wp.com\/politicosaldesnudo.com.mx\/wp-content\/uploads\/2022\/06\/P-ADA%CC%81NAUGUSTO.png?w=1600&amp;ssl=1 1600w\" sizes=\"auto, (max-width: 800px) 100vw, 800px\" \/><\/p>\n<p>&nbsp;<\/p>\n<blockquote>\n<p class=\"p1\"><span style=\"font-size: 14pt;\">El Gobierno americano acept\u00f3 otorgar de primera instancia 200,000 o 300,000 visas temporales de trabajo. 150,000 van a ser para mexicanos o para extranjeros que est\u00e1n hoy en M\u00e9xico esperando la posibilidad de migrar al norte\u201d, explic\u00f3.<\/span><\/p>\n<\/blockquote>\n<p class=\"p1\"><span style=\"font-size: 18pt;\"><strong>Se\u00f1al\u00f3 que esta iniciativa del pa\u00eds de las barras y las estrellas\u00a0es un paso significativo para reducir la tensi\u00f3n en el tema migratorio.<\/strong><\/span><\/p>\n<blockquote>\n<p class=\"p1\"><span style=\"font-size: 14pt;\">Cuesta much\u00edsimo en t\u00e9rminos sociales que nuestro pa\u00eds sea un paso de migrantes y todos los d\u00edas estamos conversando con el Gobierno americano para tratar de generar condiciones\u201d<\/span><\/p>\n<\/blockquote>\n<p class=\"p1\"><span style=\"font-size: 18pt;\"><strong>Las declaraciones de Ad\u00e1n Augusto L\u00f3pez se suman a las que hizo en d\u00edas pasados Andr\u00e9s Manuel L\u00f3pez Obrador en las que se\u00f1al\u00f3 que insistir\u00e1 a Joe Biden en su pr\u00f3ximo encuentro a impulsar los apoyos econ\u00f3micos a Centroam\u00e9rica y visados temporales a migrantes.<\/strong><\/span><\/p>\n<p class=\"p1\"><strong><span style=\"font-size: 18pt;\">El secretario de Gobernaci\u00f3n indic\u00f3 que la petici\u00f3n de M\u00e9xico a EU tiene como finalidad frenar el fen\u00f3meno migratorio: \u201cMe importa mucho tratarle lo de las visas temporales de trabajo para ordenar el flujo migratorio\u201d.<\/span><\/strong><\/p>\n<p class=\"p1\"><span style=\"font-size: 14pt;\">Andr\u00e9s Manuel L\u00f3pez Obrador tambi\u00e9n\u00a0solicitar\u00e1 a los empresarios mexicanos que se sienten en la misma mesa con Joe Biden\u00a0para encontrar soluciones conjuntas en medio de una posible recesi\u00f3n global y una inflaci\u00f3n sin precedentes inmediatos.<\/span><\/p>\n<p class=\"p1\"><span style=\"font-size: 14pt;\">Hasta el momento\u00a0M\u00e9xico no tiene clara la fecha exacta del encuentro, sin embargo, Andr\u00e9s Manuel L\u00f3pez Obrador se\u00f1al\u00f3 que podr\u00eda darse a mediados del mes de julio.<\/span><\/p>\n<p>&nbsp;<\/p>\n<p>&nbsp;<\/p>\n<p>&nbsp;<\/p>\n","protected":false},"excerpt":{"rendered":"<p>&nbsp; Ciudad de M\u00e9xico. El secretario de Gobernaci\u00f3n, Ad\u00e1n Augusto L\u00f3pez, inform\u00f3 que en la reuni\u00f3n que sostendr\u00e1n el pr\u00f3ximo<\/p>\n","protected":false},"author":4,"featured_media":6928,"comment_status":"closed","ping_status":"closed","sticky":false,"template":"","format":"standard","meta":{"colormag_page_container_layout":"default_layout","colormag_page_sidebar_layout":"default_layout","_jetpack_memberships_contains_paid_content":false,"footnotes":"","jetpack_publicize_message":"","jetpack_publicize_feature_enabled":true,"jetpack_social_post_already_shared":false,"jetpack_social_options":{"image_generator_settings":{"template":"highway","default_image_id":0,"font":"","enabled":false},"version":2}},"categories":[33],"tags":[1022,269,42,54,1023],"class_list":["post-6926","post","type-post","status-publish","format-standard","has-post-thumbnail","hentry","category-nacional","tag-adan-augusto-lopez","tag-estados-unidos","tag-mexico","tag-migrantes","tag-visa-trabajo"],"jetpack_publicize_connections":[],"jetpack_featured_media_url":"https:\/\/i0.wp.com\/politicosaldesnudo.com.mx\/wp-content\/uploads\/2022\/06\/P-VISA-MEX-EU2.png?fit=1816%2C1016&ssl=1","jetpack-related-posts":[],"jetpack_sharing_enabled":true,"_links":{"self":[{"href":"https:\/\/politicosaldesnudo.com.mx\/index.php\/wp-json\/wp\/v2\/posts\/6926","targetHints":{"allow":["GET"]}}],"collection":[{"href":"https:\/\/politicosaldesnudo.com.mx\/index.php\/wp-json\/wp\/v2\/posts"}],"about":[{"href":"https:\/\/politicosaldesnudo.com.mx\/index.php\/wp-json\/wp\/v2\/types\/post"}],"author":[{"embeddable":true,"href":"https:\/\/politicosaldesnudo.com.mx\/index.php\/wp-json\/wp\/v2\/users\/4"}],"replies":[{"embeddable":true,"href":"https:\/\/politicosaldesnudo.com.mx\/index.php\/wp-json\/wp\/v2\/comments?post=6926"}],"version-history":[{"count":0,"href":"https:\/\/politicosaldesnudo.com.mx\/index.php\/wp-json\/wp\/v2\/posts\/6926\/revisions"}],"wp:featuredmedia":[{"embeddable":true,"href":"https:\/\/politicosaldesnudo.com.mx\/index.php\/wp-json\/wp\/v2\/media\/6928"}],"wp:attachment":[{"href":"https:\/\/politicosaldesnudo.com.mx\/index.php\/wp-json\/wp\/v2\/media?parent=6926"}],"wp:term":[{"taxonomy":"category","embeddable":true,"href":"https:\/\/politicosaldesnudo.com.mx\/index.php\/wp-json\/wp\/v2\/categories?post=6926"},{"taxonomy":"post_tag","embeddable":true,"href":"https:\/\/politicosaldesnudo.com.mx\/index.php\/wp-json\/wp\/v2\/tags?post=6926"}],"curies":[{"name":"wp","href":"https:\/\/api.w.org\/{rel}","templated":true}]}}