{"id":69272,"date":"2025-08-22T00:09:28","date_gmt":"2025-08-22T06:09:28","guid":{"rendered":"https:\/\/politicosaldesnudo.com.mx\/?p=69272"},"modified":"2025-08-21T21:53:48","modified_gmt":"2025-08-22T03:53:48","slug":"pese-a-aranceles-de-eu-actividad-empresarial-en-eurozona-marca-maximos-de-15-meses","status":"publish","type":"post","link":"https:\/\/politicosaldesnudo.com.mx\/index.php\/2025\/08\/22\/pese-a-aranceles-de-eu-actividad-empresarial-en-eurozona-marca-maximos-de-15-meses\/","title":{"rendered":"Pese a aranceles de EU, actividad empresarial en eurozona marca m\u00e1ximos de 15 meses"},"content":{"rendered":"<p>La actividad del sector privado de la zona euro ha mejorado en agosto, gracias al impulso de las manufacturas y a pesar de los obst\u00e1culos arancelarios, mostr\u00f3 el \u00edndice compuesto PMI, que subi\u00f3 de 50.9 puntos en julio a 51.1 puntos en agosto, su nivel m\u00e1s alto en 15 meses.<\/p>\n<p>Este repunte de la actividad empresarial en la eurozona responde principalmente al mejor comportamiento de la producci\u00f3n, despu\u00e9s de que el PMI manufacturero subi\u00f3 a 50.5 puntos, frente a los 49.8 del mes anterior, y se coloc\u00f3 en m\u00e1ximos de 38 meses, mientras que el PMI de servicios retrocedi\u00f3 a 50.7 puntos frente a los 51 de julio.<\/p>\n<p>Cyrus de la Rubia, economista jefe de Hamburg Commercial Bank, considera que \u201clas cosas est\u00e1n mejorando\u201d y, a pesar de contratiempos como los aranceles estadounidenses y la incertidumbre general, las empresas de la zona euro parecen estar resistiendo razonablemente bien.<\/p>\n<p>En el mes de agosto, la producci\u00f3n manufacturera aument\u00f3 por sexto mes consecutivo, con Alemania encabezando el crecimiento, mientras que Francia, que hab\u00eda sido un lastre en junio y julio, mostr\u00f3 signos de estabilidad, y algo similar ocurre tambi\u00e9n en el sector servicios.<\/p>\n<p>\u201cEs probable que el mercado \u00fanico de la UE sea una variable favorable en este sentido, especialmente porque la mayor parte de los ingresos de exportaci\u00f3n y del turismo se generan dentro de la Uni\u00f3n Europea\u201d, apunt\u00f3 De la Rubia.<\/p>\n<p>No obstante, el economista advirti\u00f3 que la pol\u00edtica comercial de Estados Unidos \u201cest\u00e1 dejando su huella\u201d y los pedidos procedentes del extranjero en el sector manufacturero han disminuido por segundo mes consecutivo.<\/p>\n<p>De tal manera, si bien Alemania hab\u00eda resistido bien, posiblemente debido a las compras preventivas procedentes de Estados Unidos, ahora tambi\u00e9n est\u00e1 registrando una ca\u00edda de los pedidos recibidos, al tiempo que Francia est\u00e1 saliendo del \u201cprofundo pozo\u201d de ca\u00edda de la demanda extranjera de los \u00faltimos meses, aunque los pedidos recibidos siguen a la baja.<\/p>\n","protected":false},"excerpt":{"rendered":"<p>La actividad del sector privado de la zona euro ha mejorado en agosto, gracias al impulso de las manufacturas y<\/p>\n","protected":false},"author":4,"featured_media":69273,"comment_status":"closed","ping_status":"closed","sticky":false,"template":"","format":"standard","meta":{"colormag_page_container_layout":"default_layout","colormag_page_sidebar_layout":"default_layout","_jetpack_memberships_contains_paid_content":false,"footnotes":"","jetpack_publicize_message":"","jetpack_publicize_feature_enabled":true,"jetpack_social_post_already_shared":true,"jetpack_social_options":{"image_generator_settings":{"template":"highway","default_image_id":0,"font":"","enabled":false},"version":2}},"categories":[2050],"tags":[],"class_list":["post-69272","post","type-post","status-publish","format-standard","has-post-thumbnail","hentry","category-economia"],"jetpack_publicize_connections":[],"jetpack_featured_media_url":"https:\/\/i0.wp.com\/politicosaldesnudo.com.mx\/wp-content\/uploads\/2025\/08\/ARM.jpg?fit=725%2C404&ssl=1","jetpack-related-posts":[],"jetpack_sharing_enabled":true,"_links":{"self":[{"href":"https:\/\/politicosaldesnudo.com.mx\/index.php\/wp-json\/wp\/v2\/posts\/69272","targetHints":{"allow":["GET"]}}],"collection":[{"href":"https:\/\/politicosaldesnudo.com.mx\/index.php\/wp-json\/wp\/v2\/posts"}],"about":[{"href":"https:\/\/politicosaldesnudo.com.mx\/index.php\/wp-json\/wp\/v2\/types\/post"}],"author":[{"embeddable":true,"href":"https:\/\/politicosaldesnudo.com.mx\/index.php\/wp-json\/wp\/v2\/users\/4"}],"replies":[{"embeddable":true,"href":"https:\/\/politicosaldesnudo.com.mx\/index.php\/wp-json\/wp\/v2\/comments?post=69272"}],"version-history":[{"count":0,"href":"https:\/\/politicosaldesnudo.com.mx\/index.php\/wp-json\/wp\/v2\/posts\/69272\/revisions"}],"wp:featuredmedia":[{"embeddable":true,"href":"https:\/\/politicosaldesnudo.com.mx\/index.php\/wp-json\/wp\/v2\/media\/69273"}],"wp:attachment":[{"href":"https:\/\/politicosaldesnudo.com.mx\/index.php\/wp-json\/wp\/v2\/media?parent=69272"}],"wp:term":[{"taxonomy":"category","embeddable":true,"href":"https:\/\/politicosaldesnudo.com.mx\/index.php\/wp-json\/wp\/v2\/categories?post=69272"},{"taxonomy":"post_tag","embeddable":true,"href":"https:\/\/politicosaldesnudo.com.mx\/index.php\/wp-json\/wp\/v2\/tags?post=69272"}],"curies":[{"name":"wp","href":"https:\/\/api.w.org\/{rel}","templated":true}]}}