{"id":69288,"date":"2025-08-22T00:14:31","date_gmt":"2025-08-22T06:14:31","guid":{"rendered":"https:\/\/politicosaldesnudo.com.mx\/?p=69288"},"modified":"2025-08-21T22:14:40","modified_gmt":"2025-08-22T04:14:40","slug":"gobierno-de-veracruz-ofrece-disculpa-publica-por-desaparicion-forzada-de-8-policias","status":"publish","type":"post","link":"https:\/\/politicosaldesnudo.com.mx\/index.php\/2025\/08\/22\/gobierno-de-veracruz-ofrece-disculpa-publica-por-desaparicion-forzada-de-8-policias\/","title":{"rendered":"Gobierno de Veracruz ofrece disculpa p\u00fablica por desaparici\u00f3n forzada de 8 polic\u00edas"},"content":{"rendered":"<p>El Gobierno del Estado ofreci\u00f3 disculpas p\u00fablicas por la desaparici\u00f3n forzada de ocho elementos de la polic\u00eda municipal de \u00farsulo Galv\u00e1n.<\/p>\n<p>En un acto encabezado por el secretario de Gobierno, Ricardo Ahued y el titular de Seguridad P\u00fablica, Alfonso Reyes, el Estado reconoci\u00f3 su responsabilidad en los hechos ocurridos en 2013.<\/p>\n<p>Dicha disculpa p\u00fablica deriva de la recomendaci\u00f3n 24VG\/2019 emitida por la Comisi\u00f3n Nacional de Derechos Humanos, en donde se contempla como parte de los actos deriva reparaci\u00f3n.<\/p>\n<p>Ahued se\u00f1al\u00f3 que se debe hacer un gran esfuerzo por combatir y eliminar estas pr\u00e1cticas al interior del gobierno y se\u00f1al\u00f3 que a pesar de que el caso abordado ocurri\u00f3 durante una administraci\u00f3n anterior, el Estado debe hacerse responsable de lo ocurrido.<\/p>\n<p>\u201cOfrezco nuestra m\u00e1s sincera disculpa por el dolor, la incertidumbre y la angustia que han padecido ante la ausencia de sus familiares, ha sido un hecho devastador en sus vidas\u201d, expres\u00f3 el funcionario.<\/p>\n<p>\u201cEs importante no olvidar que un n\u00famero significativo de familias siguen desconociendo el paradero de sus seres queridos, en ese sentido este gobierno entiende sus obligaciones\u201d, a\u00f1adi\u00f3.<\/p>\n<p>El 11 de enero de 2013 cuando Alejandro B\u00e1ez Hern\u00e1ndez; Agust\u00edn Rivera Bonastre; Aureliano S\u00e1nchez Tonil; Guillermo Torres Perdomo; Javier Araus Molina; Juan Carlos Montero Parra; Luis Alberto Valenzuela Gonz\u00e1lez y Samuel Montiel Perdomo salieron del palacio municipal luego de haber pasado lista.<\/p>\n<p>En su recorrido los uniformados fueron interceptados por 15 elementos del denominado Grupo Taj\u00edn, dependiente de la Secretar\u00eda de Seguridad P\u00fablica del gobierno de Javier Duarte (2010-2016).<\/p>\n<p>A pesar de los reclamos y protestas de los familiares a lo largo de los a\u00f1os, hasta el momento se desconoce el paradero de los polic\u00edas municipales, por lo que la lucha por su localizaci\u00f3n contin\u00faa.<\/p>\n","protected":false},"excerpt":{"rendered":"<p>El Gobierno del Estado ofreci\u00f3 disculpas p\u00fablicas por la desaparici\u00f3n forzada de ocho elementos de la polic\u00eda municipal de \u00farsulo<\/p>\n","protected":false},"author":4,"featured_media":69289,"comment_status":"closed","ping_status":"closed","sticky":false,"template":"","format":"standard","meta":{"colormag_page_container_layout":"default_layout","colormag_page_sidebar_layout":"default_layout","_jetpack_memberships_contains_paid_content":false,"footnotes":"","jetpack_publicize_message":"","jetpack_publicize_feature_enabled":true,"jetpack_social_post_already_shared":true,"jetpack_social_options":{"image_generator_settings":{"template":"highway","default_image_id":0,"font":"","enabled":false},"version":2}},"categories":[30],"tags":[],"class_list":["post-69288","post","type-post","status-publish","format-standard","has-post-thumbnail","hentry","category-estados"],"jetpack_publicize_connections":[],"jetpack_featured_media_url":"https:\/\/i0.wp.com\/politicosaldesnudo.com.mx\/wp-content\/uploads\/2025\/08\/VERA.jpg?fit=770%2C484&ssl=1","jetpack-related-posts":[],"jetpack_sharing_enabled":true,"_links":{"self":[{"href":"https:\/\/politicosaldesnudo.com.mx\/index.php\/wp-json\/wp\/v2\/posts\/69288","targetHints":{"allow":["GET"]}}],"collection":[{"href":"https:\/\/politicosaldesnudo.com.mx\/index.php\/wp-json\/wp\/v2\/posts"}],"about":[{"href":"https:\/\/politicosaldesnudo.com.mx\/index.php\/wp-json\/wp\/v2\/types\/post"}],"author":[{"embeddable":true,"href":"https:\/\/politicosaldesnudo.com.mx\/index.php\/wp-json\/wp\/v2\/users\/4"}],"replies":[{"embeddable":true,"href":"https:\/\/politicosaldesnudo.com.mx\/index.php\/wp-json\/wp\/v2\/comments?post=69288"}],"version-history":[{"count":0,"href":"https:\/\/politicosaldesnudo.com.mx\/index.php\/wp-json\/wp\/v2\/posts\/69288\/revisions"}],"wp:featuredmedia":[{"embeddable":true,"href":"https:\/\/politicosaldesnudo.com.mx\/index.php\/wp-json\/wp\/v2\/media\/69289"}],"wp:attachment":[{"href":"https:\/\/politicosaldesnudo.com.mx\/index.php\/wp-json\/wp\/v2\/media?parent=69288"}],"wp:term":[{"taxonomy":"category","embeddable":true,"href":"https:\/\/politicosaldesnudo.com.mx\/index.php\/wp-json\/wp\/v2\/categories?post=69288"},{"taxonomy":"post_tag","embeddable":true,"href":"https:\/\/politicosaldesnudo.com.mx\/index.php\/wp-json\/wp\/v2\/tags?post=69288"}],"curies":[{"name":"wp","href":"https:\/\/api.w.org\/{rel}","templated":true}]}}