{"id":69321,"date":"2025-08-23T00:01:09","date_gmt":"2025-08-23T06:01:09","guid":{"rendered":"https:\/\/politicosaldesnudo.com.mx\/?p=69321"},"modified":"2025-08-22T19:54:43","modified_gmt":"2025-08-23T01:54:43","slug":"alistan-mes-patrio","status":"publish","type":"post","link":"https:\/\/politicosaldesnudo.com.mx\/index.php\/2025\/08\/23\/alistan-mes-patrio\/","title":{"rendered":"Alistan mes patrio"},"content":{"rendered":"<p>Con miras a la celebraci\u00f3n del mes patrio, personal de Oficial\u00eda Mayor y de Servicios P\u00fablicos Municipales se encuentran realizando trabajos de mantenimiento y embellecimiento en el Palacio Municipal, los cuales buscan dejar en \u00f3ptimas condiciones este inmueble hist\u00f3rico que ser\u00e1 sede del tradicional Grito de Independencia el pr\u00f3ximo 15 de septiembre.<\/p>\n<p>Las labores incluyen pintura general, reparaci\u00f3n de luminarias y limpieza en distintas \u00e1reas del edificio, adem\u00e1s de la preparaci\u00f3n para la colocaci\u00f3n de adornos alusivos a la Independencia de M\u00e9xico en calles y espacios p\u00fablicos del primer cuadro de la ciudad.<\/p>\n<p>Autoridades municipales se\u00f1alaron que los trabajos se est\u00e1n llevando a cabo a marchas forzadas con el objetivo de concluir antes de que inicie septiembre, de manera que la ciudadan\u00eda pueda disfrutar de una celebraci\u00f3n patri\u00f3tica con un entorno digno y representativo.<\/p>\n<p>Este ser\u00e1 el \u00faltimo Grito de Independencia que encabece la actual administraci\u00f3n municipal, por lo que se busca brindar un festejo conmemorativo que resalte los valores c\u00edvicos y mantenga la tradici\u00f3n que a\u00f1o con a\u00f1o une\u00a0a\u00a0los\u00a0tuxpe\u00f1os.<\/p>\n","protected":false},"excerpt":{"rendered":"<p>Con miras a la celebraci\u00f3n del mes patrio, personal de Oficial\u00eda Mayor y de Servicios P\u00fablicos Municipales se encuentran realizando<\/p>\n","protected":false},"author":4,"featured_media":69322,"comment_status":"closed","ping_status":"closed","sticky":false,"template":"","format":"standard","meta":{"colormag_page_container_layout":"default_layout","colormag_page_sidebar_layout":"default_layout","_jetpack_memberships_contains_paid_content":false,"footnotes":"","jetpack_publicize_message":"","jetpack_publicize_feature_enabled":true,"jetpack_social_post_already_shared":true,"jetpack_social_options":{"image_generator_settings":{"template":"highway","default_image_id":0,"font":"","enabled":false},"version":2}},"categories":[1082],"tags":[],"class_list":["post-69321","post","type-post","status-publish","format-standard","has-post-thumbnail","hentry","category-tuxpan"],"jetpack_publicize_connections":[],"jetpack_featured_media_url":"https:\/\/i0.wp.com\/politicosaldesnudo.com.mx\/wp-content\/uploads\/2025\/08\/MEPAT.jpg?fit=1200%2C675&ssl=1","jetpack-related-posts":[],"jetpack_sharing_enabled":true,"_links":{"self":[{"href":"https:\/\/politicosaldesnudo.com.mx\/index.php\/wp-json\/wp\/v2\/posts\/69321","targetHints":{"allow":["GET"]}}],"collection":[{"href":"https:\/\/politicosaldesnudo.com.mx\/index.php\/wp-json\/wp\/v2\/posts"}],"about":[{"href":"https:\/\/politicosaldesnudo.com.mx\/index.php\/wp-json\/wp\/v2\/types\/post"}],"author":[{"embeddable":true,"href":"https:\/\/politicosaldesnudo.com.mx\/index.php\/wp-json\/wp\/v2\/users\/4"}],"replies":[{"embeddable":true,"href":"https:\/\/politicosaldesnudo.com.mx\/index.php\/wp-json\/wp\/v2\/comments?post=69321"}],"version-history":[{"count":0,"href":"https:\/\/politicosaldesnudo.com.mx\/index.php\/wp-json\/wp\/v2\/posts\/69321\/revisions"}],"wp:featuredmedia":[{"embeddable":true,"href":"https:\/\/politicosaldesnudo.com.mx\/index.php\/wp-json\/wp\/v2\/media\/69322"}],"wp:attachment":[{"href":"https:\/\/politicosaldesnudo.com.mx\/index.php\/wp-json\/wp\/v2\/media?parent=69321"}],"wp:term":[{"taxonomy":"category","embeddable":true,"href":"https:\/\/politicosaldesnudo.com.mx\/index.php\/wp-json\/wp\/v2\/categories?post=69321"},{"taxonomy":"post_tag","embeddable":true,"href":"https:\/\/politicosaldesnudo.com.mx\/index.php\/wp-json\/wp\/v2\/tags?post=69321"}],"curies":[{"name":"wp","href":"https:\/\/api.w.org\/{rel}","templated":true}]}}