{"id":69327,"date":"2025-08-23T00:03:54","date_gmt":"2025-08-23T06:03:54","guid":{"rendered":"https:\/\/politicosaldesnudo.com.mx\/?p=69327"},"modified":"2025-08-22T20:01:44","modified_gmt":"2025-08-23T02:01:44","slug":"se-preve-eleccion-extraordinaria-en-tuxpan-en-marzo-de-2026-por-vacante-en-congreso","status":"publish","type":"post","link":"https:\/\/politicosaldesnudo.com.mx\/index.php\/2025\/08\/23\/se-preve-eleccion-extraordinaria-en-tuxpan-en-marzo-de-2026-por-vacante-en-congreso\/","title":{"rendered":"Se prev\u00e9 elecci\u00f3n extraordinaria en Tuxpan en marzo de 2026 por vacante en Congreso"},"content":{"rendered":"<p>El representante de MORENA ante el OPLE, Gabriel Z\u00fa\u00f1iga Ovando, dio a conocer que existe la posibilidad de que en marzo del 2026 se realicen las elecciones extraordinarias en el Distrito de Tuxpan para que sea ocupada la vacante en la curul del Congreso del Estado.<\/p>\n<p>Detall\u00f3 que la elecci\u00f3n la debe realizar el Organismo P\u00fablico Local Electoral (OPLE), por lo cual el gasto que esto conlleva se debe incluir en el presupuesto del 2026, al igual que el presupuesto para las elecciones del 2027, las cuales inician en noviembre.<\/p>\n<p>En ese sentido, se\u00f1al\u00f3 que no se tiene un precedente de una elecci\u00f3n extraordinaria para cubrir un espacio en el Congreso local, por lo que se tendr\u00eda que tomar como par\u00e1metro una nulidad de elecci\u00f3n.<\/p>\n<p>\u00abEsto quiere decir que a partir de que el Congreso decrete o declare la ausencia o la vacante en el distrito de Tuxpan, tendr\u00edamos 45 d\u00edas para realizar la elecci\u00f3n extraordinaria, m\u00e1s o menos en el mes de marzo aproximadamente del a\u00f1o 2026 para obviamente concluir el periodo hasta el 2027\u00bb, puntualiz\u00f3 Z\u00fa\u00f1iga Ovando.<\/p>\n<p>Record\u00f3 que el proceso iniciar\u00e1 una vez que el Congreso de Veracruz por acuerdo de la Junta de Coordinaci\u00f3n Pol\u00edtica (JUCOPO), notifique al OPLE sobre la vacante de la curul.<\/p>\n<p>Asimismo, puntualiz\u00f3 que una vez que el alcalde electo de Tuxpan, Daniel Cortina Mart\u00ednez, rinda protesta el 31 de diciembre y el Congreso mande a llamar a la suplente, Citlalli Medell\u00edn Careaga, quien tambi\u00e9n fue electa como presidenta municipal de Tamiahua y podr\u00e1 asumir la diputaci\u00f3n, el congreso deber\u00e1 emitir la declaratoria de la falta de un legislador. A partir de ello, debe iniciarse el procedimiento para un comiso extraordinario.<\/p>\n<p>\u00abEl Congreso del Estado tendr\u00eda que hacer esa declaratoria de la diputaci\u00f3n vacante, es decir, por hecho p\u00fablico y notorio, el diputado Daniel Cortinas y hoy tambi\u00e9n alcalde electo, tendr\u00eda que solicitar su licencia a partir del d\u00eda primero de enero hasta la conclusi\u00f3n de su encargo y entonces el Congreso lo que hace es llamar a la suplente. En esta inteligencia, como el modelo constitucional est\u00e1 establecido es llamar al suplente, pero el suplente tambi\u00e9n corre la misma suerte que el propietario [\u2026], pues es aqu\u00ed en donde el Congreso tendr\u00eda que declarar mediante un punto de acuerdo que se encuentra vacante o ac\u00e9fala esa diputaci\u00f3n\u00bb, explic\u00f3 Z\u00fa\u00f1iga Ovando<\/p>\n<p>Por lo anterior, dijo que se debe considerar el par\u00e1metro de nulidad de elecci\u00f3n, por lo cual el OPLE contar\u00eda con 45 d\u00edas para poder organizar la elecci\u00f3n extraordinaria.<\/p>\n<p>Para la elecci\u00f3n extraordinaria se requiere aplicar una convocatoria, plazos para los registros de candidaturas, establecer un convenio con el INE para la instalaci\u00f3n de casillas, la verificaci\u00f3n de la Lista Nominal y todos los acuerdos que deriven de una extraordinaria.<\/p>\n<p>Adem\u00e1s, el organismo deber\u00e1 realizar la promoci\u00f3n de la votaci\u00f3n, establecer las pautas para las campa\u00f1as pol\u00edticas y determinar la fecha para la realizaci\u00f3n de la elecci\u00f3n, la cual podr\u00eda ser en el mes de junio.<\/p>\n<p>\u00abHabr\u00eda que salvaguardar el tiempo necesario para efectos de las impugnaciones que los partidos no les favorezca el resultado. A m\u00e1s o menos dos meses, es decir, por ah\u00ed de junio podr\u00eda tomar protesta el nuevo diputado del distrito de Tuxpan\u00bb, expuso Z\u00fa\u00f1iga Ovando.<\/p>\n<p>Finalmente, se\u00f1al\u00f3 que podr\u00eda ser en el mes de junio de 2026 cuando se ocupe la curul de Tuxpan y est\u00e9 en la posici\u00f3n hasta 2027, que entra la nueva legislatura.<\/p>\n","protected":false},"excerpt":{"rendered":"<p>El representante de MORENA ante el OPLE, Gabriel Z\u00fa\u00f1iga Ovando, dio a conocer que existe la posibilidad de que en<\/p>\n","protected":false},"author":4,"featured_media":69328,"comment_status":"closed","ping_status":"closed","sticky":false,"template":"","format":"standard","meta":{"colormag_page_container_layout":"default_layout","colormag_page_sidebar_layout":"default_layout","_jetpack_memberships_contains_paid_content":false,"footnotes":"","jetpack_publicize_message":"","jetpack_publicize_feature_enabled":true,"jetpack_social_post_already_shared":true,"jetpack_social_options":{"image_generator_settings":{"template":"highway","default_image_id":0,"font":"","enabled":false},"version":2}},"categories":[1082],"tags":[],"class_list":["post-69327","post","type-post","status-publish","format-standard","has-post-thumbnail","hentry","category-tuxpan"],"jetpack_publicize_connections":[],"jetpack_featured_media_url":"https:\/\/i0.wp.com\/politicosaldesnudo.com.mx\/wp-content\/uploads\/2025\/08\/PREV.jpg?fit=1085%2C723&ssl=1","jetpack-related-posts":[],"jetpack_sharing_enabled":true,"_links":{"self":[{"href":"https:\/\/politicosaldesnudo.com.mx\/index.php\/wp-json\/wp\/v2\/posts\/69327","targetHints":{"allow":["GET"]}}],"collection":[{"href":"https:\/\/politicosaldesnudo.com.mx\/index.php\/wp-json\/wp\/v2\/posts"}],"about":[{"href":"https:\/\/politicosaldesnudo.com.mx\/index.php\/wp-json\/wp\/v2\/types\/post"}],"author":[{"embeddable":true,"href":"https:\/\/politicosaldesnudo.com.mx\/index.php\/wp-json\/wp\/v2\/users\/4"}],"replies":[{"embeddable":true,"href":"https:\/\/politicosaldesnudo.com.mx\/index.php\/wp-json\/wp\/v2\/comments?post=69327"}],"version-history":[{"count":0,"href":"https:\/\/politicosaldesnudo.com.mx\/index.php\/wp-json\/wp\/v2\/posts\/69327\/revisions"}],"wp:featuredmedia":[{"embeddable":true,"href":"https:\/\/politicosaldesnudo.com.mx\/index.php\/wp-json\/wp\/v2\/media\/69328"}],"wp:attachment":[{"href":"https:\/\/politicosaldesnudo.com.mx\/index.php\/wp-json\/wp\/v2\/media?parent=69327"}],"wp:term":[{"taxonomy":"category","embeddable":true,"href":"https:\/\/politicosaldesnudo.com.mx\/index.php\/wp-json\/wp\/v2\/categories?post=69327"},{"taxonomy":"post_tag","embeddable":true,"href":"https:\/\/politicosaldesnudo.com.mx\/index.php\/wp-json\/wp\/v2\/tags?post=69327"}],"curies":[{"name":"wp","href":"https:\/\/api.w.org\/{rel}","templated":true}]}}