{"id":69330,"date":"2025-08-23T00:04:53","date_gmt":"2025-08-23T06:04:53","guid":{"rendered":"https:\/\/politicosaldesnudo.com.mx\/?p=69330"},"modified":"2025-08-22T20:05:29","modified_gmt":"2025-08-23T02:05:29","slug":"detienen-a-13-por-motin-en-tuxpan","status":"publish","type":"post","link":"https:\/\/politicosaldesnudo.com.mx\/index.php\/2025\/08\/23\/detienen-a-13-por-motin-en-tuxpan\/","title":{"rendered":"Detienen a 13 por mot\u00edn en Tuxpan"},"content":{"rendered":"<p>La\u00a0Fiscal\u00eda General del Estado (FGE) de Veracruz\u00a0inform\u00f3 la\u00a0detenci\u00f3n de 13 personas relacionadas con el\u00a0mot\u00edn ocurrido el s\u00e1bado 2 de agosto\u00a0en el\u00a0Centro de Reinserci\u00f3n Social de Tuxpan, que dej\u00f3 un saldo de\u00a07 reclusos muertos\u00a0y\u00a011 lesionados.<\/p>\n<p>El operativo de investigaci\u00f3n permiti\u00f3 esclarecer la participaci\u00f3n de\u00a0custodios y reos\u00a0en los hechos, que incluyeron\u00a0incendios, disturbios y violencia extrema\u00a0dentro del penal.<\/p>\n<p>Se dio a conocer que algunos fueron trasladados a\u00a0Centros de Readaptaci\u00f3n Social\u00a0(Cereso) del nivel federal. El evento violento generado el domingo 2 de agosto dej\u00f3 como saldo nueve\u00a0muertos, de los cuales cinco eran de origen guatemalteco.<\/p>\n<p>Entre los detenidos hay dos funcionarios:\u00a0Iv\u00e1n \u201cN\u201d en\u00a0Cosamaloapan\u00a0y\u00a0Roberto Cristian\u00a0\u201cN\u201d\u00a0en\u00a0Acayucan, quienes se desempe\u00f1aban como\u00a0Jefe del Departamento de Seguridad y Custodia\u00a0y como\u00a0custodio\u00a0del\u00a0Cereso de\u00a0Tuxpan, respectivamente. Se sum\u00f3\u00a0la detenci\u00f3n de \u00d3scar Yair\u00a0\u201cN\u201d en\u00a0Xalapa, custodio\u00a0bajo las \u00f3rdenes de Iv\u00e1n \u201cN\u201d. El resto de las 10 \u00f3rdenes de aprehensi\u00f3n fueron contra\u00a0reos.<\/p>\n<p>Por su parte, el titular de la\u00a0Secretar\u00eda\u00a0de Seguridad P\u00fablica\u00a0(SSP) de\u00a0Veracruz,\u00a0Alfonso Reyes Garc\u00e9s, confirm\u00f3 que del grupo de los 13 detenidos hay algunos que fueron trasladados a\u00a0Ceresos federales, sin dar m\u00e1s detalles de cu\u00e1ntos ni en cu\u00e1les penales.<\/p>\n","protected":false},"excerpt":{"rendered":"<p>La\u00a0Fiscal\u00eda General del Estado (FGE) de Veracruz\u00a0inform\u00f3 la\u00a0detenci\u00f3n de 13 personas relacionadas con el\u00a0mot\u00edn ocurrido el s\u00e1bado 2 de agosto\u00a0en<\/p>\n","protected":false},"author":4,"featured_media":69331,"comment_status":"closed","ping_status":"closed","sticky":false,"template":"","format":"standard","meta":{"colormag_page_container_layout":"default_layout","colormag_page_sidebar_layout":"default_layout","_jetpack_memberships_contains_paid_content":false,"footnotes":"","jetpack_publicize_message":"","jetpack_publicize_feature_enabled":true,"jetpack_social_post_already_shared":true,"jetpack_social_options":{"image_generator_settings":{"template":"highway","default_image_id":0,"font":"","enabled":false},"version":2}},"categories":[1],"tags":[],"class_list":["post-69330","post","type-post","status-publish","format-standard","has-post-thumbnail","hentry","category-sin-categoria"],"jetpack_publicize_connections":[],"jetpack_featured_media_url":"https:\/\/i0.wp.com\/politicosaldesnudo.com.mx\/wp-content\/uploads\/2025\/08\/detenidos-motin-penal_tuxpan_5-702x336-1.png?fit=702%2C336&ssl=1","jetpack-related-posts":[],"jetpack_sharing_enabled":true,"_links":{"self":[{"href":"https:\/\/politicosaldesnudo.com.mx\/index.php\/wp-json\/wp\/v2\/posts\/69330","targetHints":{"allow":["GET"]}}],"collection":[{"href":"https:\/\/politicosaldesnudo.com.mx\/index.php\/wp-json\/wp\/v2\/posts"}],"about":[{"href":"https:\/\/politicosaldesnudo.com.mx\/index.php\/wp-json\/wp\/v2\/types\/post"}],"author":[{"embeddable":true,"href":"https:\/\/politicosaldesnudo.com.mx\/index.php\/wp-json\/wp\/v2\/users\/4"}],"replies":[{"embeddable":true,"href":"https:\/\/politicosaldesnudo.com.mx\/index.php\/wp-json\/wp\/v2\/comments?post=69330"}],"version-history":[{"count":0,"href":"https:\/\/politicosaldesnudo.com.mx\/index.php\/wp-json\/wp\/v2\/posts\/69330\/revisions"}],"wp:featuredmedia":[{"embeddable":true,"href":"https:\/\/politicosaldesnudo.com.mx\/index.php\/wp-json\/wp\/v2\/media\/69331"}],"wp:attachment":[{"href":"https:\/\/politicosaldesnudo.com.mx\/index.php\/wp-json\/wp\/v2\/media?parent=69330"}],"wp:term":[{"taxonomy":"category","embeddable":true,"href":"https:\/\/politicosaldesnudo.com.mx\/index.php\/wp-json\/wp\/v2\/categories?post=69330"},{"taxonomy":"post_tag","embeddable":true,"href":"https:\/\/politicosaldesnudo.com.mx\/index.php\/wp-json\/wp\/v2\/tags?post=69330"}],"curies":[{"name":"wp","href":"https:\/\/api.w.org\/{rel}","templated":true}]}}