{"id":69333,"date":"2025-08-23T00:05:26","date_gmt":"2025-08-23T06:05:26","guid":{"rendered":"https:\/\/politicosaldesnudo.com.mx\/?p=69333"},"modified":"2025-08-22T20:24:46","modified_gmt":"2025-08-23T02:24:46","slug":"sheinbaum-el-ine-debe-garantizar-que-el-pueblo-elija-libremente","status":"publish","type":"post","link":"https:\/\/politicosaldesnudo.com.mx\/index.php\/2025\/08\/23\/sheinbaum-el-ine-debe-garantizar-que-el-pueblo-elija-libremente\/","title":{"rendered":"Sheinbaum: el INE debe garantizar que el pueblo elija libremente"},"content":{"rendered":"<p class=\"nota-justify\">Sobre la determinaci\u00f3n del Instituto Nacional Electoral (INE) de exonerar a P\u00edo L\u00f3pez Obrador, \u201cnada que opinar\u201d, dijo la presidenta Claudia Sheinbaum Pardo.<\/p>\n<p class=\"nota-justify\">\u201cHicieron su decisi\u00f3n, nada que opinar\u201d, ataj\u00f3 en la ma\u00f1ana del pueblo.<\/p>\n<p class=\"nota-justify\">Cuando le preguntaron si la reforma electoral debe darle m\u00e1s capacidad de fiscalizaci\u00f3n al INE sobre el efectivo en las campa\u00f1as, respondi\u00f3: \u201cTenemos que garantizar que el pueblo elija. Ese es el fondo\u201d.<\/p>\n<p class=\"nota-justify\">La fiscalizaci\u00f3n \u201ctiene que hacerse, para eso est\u00e1n las instituciones, y el INE tiene cantidad de personas para fiscalizar las campa\u00f1as. En algunos casos resolvieron, como en Guerrero y en Michoac\u00e1n (en el caso de F\u00e9lix Salgado y Ra\u00fal Mor\u00f3n) en el \u00b421, completamente contrario a lo que se hab\u00eda resuelto hist\u00f3ricamente para afectar pol\u00edticamente con esa intenci\u00f3n\u201d.<\/p>\n<p class=\"nota-justify\">Lo que queremos, \u201ces que haya instituciones que cumplan con sus funciones, candidatos\u00a0\u00a0que sean representantes del pueblo y que no haya ning\u00fan fraude ya en nuestro pa\u00eds\u201d.<\/p>\n<p class=\"nota-justify\">Al insistirle sobre mejorar el rastreo del uso de efectivo, \u201cque lo defina Pablo (G\u00f3mez, presidente\u00a0\u00a0de la comisi\u00f3n para la reforma electoral) con su equipo\u201d.<\/p>\n<p>&nbsp;<\/p>\n","protected":false},"excerpt":{"rendered":"<p>Sobre la determinaci\u00f3n del Instituto Nacional Electoral (INE) de exonerar a P\u00edo L\u00f3pez Obrador, \u201cnada que opinar\u201d, dijo la presidenta<\/p>\n","protected":false},"author":4,"featured_media":69334,"comment_status":"closed","ping_status":"closed","sticky":false,"template":"","format":"standard","meta":{"colormag_page_container_layout":"default_layout","colormag_page_sidebar_layout":"default_layout","_jetpack_memberships_contains_paid_content":false,"footnotes":"","jetpack_publicize_message":"","jetpack_publicize_feature_enabled":true,"jetpack_social_post_already_shared":true,"jetpack_social_options":{"image_generator_settings":{"template":"highway","default_image_id":0,"font":"","enabled":false},"version":2}},"categories":[33],"tags":[],"class_list":["post-69333","post","type-post","status-publish","format-standard","has-post-thumbnail","hentry","category-nacional"],"jetpack_publicize_connections":[],"jetpack_featured_media_url":"https:\/\/i0.wp.com\/politicosaldesnudo.com.mx\/wp-content\/uploads\/2025\/08\/INEDFR.jpg?fit=772%2C512&ssl=1","jetpack-related-posts":[],"jetpack_sharing_enabled":true,"_links":{"self":[{"href":"https:\/\/politicosaldesnudo.com.mx\/index.php\/wp-json\/wp\/v2\/posts\/69333","targetHints":{"allow":["GET"]}}],"collection":[{"href":"https:\/\/politicosaldesnudo.com.mx\/index.php\/wp-json\/wp\/v2\/posts"}],"about":[{"href":"https:\/\/politicosaldesnudo.com.mx\/index.php\/wp-json\/wp\/v2\/types\/post"}],"author":[{"embeddable":true,"href":"https:\/\/politicosaldesnudo.com.mx\/index.php\/wp-json\/wp\/v2\/users\/4"}],"replies":[{"embeddable":true,"href":"https:\/\/politicosaldesnudo.com.mx\/index.php\/wp-json\/wp\/v2\/comments?post=69333"}],"version-history":[{"count":0,"href":"https:\/\/politicosaldesnudo.com.mx\/index.php\/wp-json\/wp\/v2\/posts\/69333\/revisions"}],"wp:featuredmedia":[{"embeddable":true,"href":"https:\/\/politicosaldesnudo.com.mx\/index.php\/wp-json\/wp\/v2\/media\/69334"}],"wp:attachment":[{"href":"https:\/\/politicosaldesnudo.com.mx\/index.php\/wp-json\/wp\/v2\/media?parent=69333"}],"wp:term":[{"taxonomy":"category","embeddable":true,"href":"https:\/\/politicosaldesnudo.com.mx\/index.php\/wp-json\/wp\/v2\/categories?post=69333"},{"taxonomy":"post_tag","embeddable":true,"href":"https:\/\/politicosaldesnudo.com.mx\/index.php\/wp-json\/wp\/v2\/tags?post=69333"}],"curies":[{"name":"wp","href":"https:\/\/api.w.org\/{rel}","templated":true}]}}