{"id":6935,"date":"2022-06-24T15:59:09","date_gmt":"2022-06-24T20:59:09","guid":{"rendered":"https:\/\/politicosaldesnudo.com.mx\/?p=6935"},"modified":"2022-06-24T15:59:09","modified_gmt":"2022-06-24T20:59:09","slug":"plan-para-mexico-eu-propuesta-de-amlo-para-combatir-la-inflacion-internacional","status":"publish","type":"post","link":"https:\/\/politicosaldesnudo.com.mx\/index.php\/2022\/06\/24\/plan-para-mexico-eu-propuesta-de-amlo-para-combatir-la-inflacion-internacional\/","title":{"rendered":"Plan para M\u00e9xico-EU, propuesta de AMLO para combatir la inflaci\u00f3n internacional"},"content":{"rendered":"<p>&nbsp;<\/p>\n<p class=\"p1\"><span style=\"font-size: 14pt;\"><em><strong>Ciudad de M\u00e9xico.<\/strong> <\/em>Anuncia el presidente<strong> Andr\u00e9s Manuel L\u00f3pez Obrador<\/strong> presentar propuesta a su homologo estadounidense, <strong>Joe Biden<\/strong> para <strong>combatir conjuntamente la inflaci\u00f3n frente al escenario internacional.<span class=\"Apple-converted-space\">\u00a0<\/span><\/strong><\/span><\/p>\n<p class=\"p1\"><span style=\"font-size: 18pt;\"><strong>Esta propuesta la har\u00e1 en su pr\u00f3xima\u00a0visita a Estados Unidos\u00a0que se espera sea en julio.<span class=\"Apple-converted-space\">\u00a0<\/span><\/strong><\/span><\/p>\n<blockquote>\n<p class=\"p1\"><span style=\"font-size: 14pt;\">Ahora que voy a tener una entrevista con el presidente Biden, le quiero hacer una propuesta para que conjuntamente, en la medida de nuestras posibilidades, podamos llevar a cabo un plan antiinflacionario\u201d<\/span><\/p>\n<\/blockquote>\n<p class=\"p1\"><span style=\"font-size: 18pt;\"><strong>Andr\u00e9s Manuel L\u00f3pez Obrador se\u00f1al\u00f3 que este planteamiento dar\u00e1 bienestar a la poblaci\u00f3n de ambos pa\u00edses, por lo que espera una respuesta positiva del mandatario estadounidense, ya que \u00e9l tambi\u00e9n est\u00e1 buscando opciones para contrarrestar la inflaci\u00f3n en su pa\u00eds.<\/strong><\/span><\/p>\n<p>&nbsp;<\/p>\n<p><img data-recalc-dims=\"1\" loading=\"lazy\" decoding=\"async\" class=\"aligncenter wp-image-6937 size-large\" src=\"https:\/\/i0.wp.com\/politicosaldesnudo.com.mx\/wp-content\/uploads\/2022\/06\/P-INFLACION-1024x573.png?resize=800%2C448&#038;ssl=1\" alt=\"\" width=\"800\" height=\"448\" srcset=\"https:\/\/i0.wp.com\/politicosaldesnudo.com.mx\/wp-content\/uploads\/2022\/06\/P-INFLACION.png?resize=1024%2C573&amp;ssl=1 1024w, https:\/\/i0.wp.com\/politicosaldesnudo.com.mx\/wp-content\/uploads\/2022\/06\/P-INFLACION.png?resize=300%2C168&amp;ssl=1 300w, https:\/\/i0.wp.com\/politicosaldesnudo.com.mx\/wp-content\/uploads\/2022\/06\/P-INFLACION.png?resize=768%2C430&amp;ssl=1 768w, https:\/\/i0.wp.com\/politicosaldesnudo.com.mx\/wp-content\/uploads\/2022\/06\/P-INFLACION.png?resize=1536%2C859&amp;ssl=1 1536w, https:\/\/i0.wp.com\/politicosaldesnudo.com.mx\/wp-content\/uploads\/2022\/06\/P-INFLACION.png?w=1816&amp;ssl=1 1816w, https:\/\/i0.wp.com\/politicosaldesnudo.com.mx\/wp-content\/uploads\/2022\/06\/P-INFLACION.png?w=1600&amp;ssl=1 1600w\" sizes=\"auto, (max-width: 800px) 100vw, 800px\" \/><\/p>\n<p>&nbsp;<\/p>\n<blockquote>\n<p class=\"p1\"><span style=\"font-size: 14pt;\">Ya tengo el documento y va a ser favorable. (\u2026) Es algo que va a ayudar a la gente en Estados Unidos, va a ayudar a nuestros paisanos mexicanos, de aqu\u00ed y all\u00e1\u201d<\/span><\/p>\n<\/blockquote>\n<p class=\"p1\"><span style=\"font-size: 14pt;\">Destac\u00f3 que el Gobierno de M\u00e9xico implement\u00f3 medidas como el\u00a0Paquete Contra la Inflaci\u00f3n y la Carest\u00eda\u00a0(Pacic)\u00a0con el objetivo de garantizar precios justos en productos de la canasta b\u00e1sica.<\/span><\/p>\n<blockquote>\n<p class=\"p1\"><span style=\"font-size: 14pt;\">Tenemos un acuerdo con distribuidores y gerentes de tiendas departamentales para cuidar que no aumenten los precios y eso est\u00e1 funcionando. Quiero aprovechar para agradecerles a quienes est\u00e1n participando en este plan, distribuidores, tiendas que est\u00e1n respetando precios, que no est\u00e1n abusando\u201d<\/span><\/p>\n<\/blockquote>\n<p class=\"p1\"><span style=\"font-size: 18pt;\"><strong>Andr\u00e9s Manuel L\u00f3pez Obrador dijo que se fomenta la actividad productiva del campo a partir de la entrega gratuita de fertilizantes a 800 mil trabajadores y recursos a trav\u00e9s de los programas de\u00a0Producci\u00f3n para el Bienestar\u00a0y\u00a0Sembrando Vida.<\/strong><\/span><\/p>\n<p class=\"p1\"><span style=\"font-size: 14pt;\">Los excedentes del petr\u00f3leo crudo permiten subsidiar el\u00a0Impuesto Especial sobre Producci\u00f3n y Servicios\u00a0(IEPS) a gasolinas y di\u00e9sel, lo que protege la econom\u00eda popular y, al mismo tiempo, controla la inflaci\u00f3n.<\/span><\/p>\n<p>&nbsp;<\/p>\n<p>&nbsp;<\/p>\n<p>&nbsp;<\/p>\n","protected":false},"excerpt":{"rendered":"<p>&nbsp; Ciudad de M\u00e9xico. Anuncia el presidente Andr\u00e9s Manuel L\u00f3pez Obrador presentar propuesta a su homologo estadounidense, Joe Biden para<\/p>\n","protected":false},"author":4,"featured_media":6936,"comment_status":"closed","ping_status":"closed","sticky":false,"template":"","format":"standard","meta":{"colormag_page_container_layout":"default_layout","colormag_page_sidebar_layout":"default_layout","_jetpack_memberships_contains_paid_content":false,"footnotes":"","jetpack_publicize_message":"","jetpack_publicize_feature_enabled":true,"jetpack_social_post_already_shared":false,"jetpack_social_options":{"image_generator_settings":{"template":"highway","default_image_id":0,"font":"","enabled":false},"version":2}},"categories":[33],"tags":[95,269,81,42,1024],"class_list":["post-6935","post","type-post","status-publish","format-standard","has-post-thumbnail","hentry","category-nacional","tag-andres-manuel-lopez-obrador","tag-estados-unidos","tag-joe-biden","tag-mexico","tag-plan-antiinflacionario"],"jetpack_publicize_connections":[],"jetpack_featured_media_url":"https:\/\/i0.wp.com\/politicosaldesnudo.com.mx\/wp-content\/uploads\/2022\/06\/P-PLANINFLATORIO-MEX-EU1.png?fit=1816%2C1016&ssl=1","jetpack-related-posts":[],"jetpack_sharing_enabled":true,"_links":{"self":[{"href":"https:\/\/politicosaldesnudo.com.mx\/index.php\/wp-json\/wp\/v2\/posts\/6935","targetHints":{"allow":["GET"]}}],"collection":[{"href":"https:\/\/politicosaldesnudo.com.mx\/index.php\/wp-json\/wp\/v2\/posts"}],"about":[{"href":"https:\/\/politicosaldesnudo.com.mx\/index.php\/wp-json\/wp\/v2\/types\/post"}],"author":[{"embeddable":true,"href":"https:\/\/politicosaldesnudo.com.mx\/index.php\/wp-json\/wp\/v2\/users\/4"}],"replies":[{"embeddable":true,"href":"https:\/\/politicosaldesnudo.com.mx\/index.php\/wp-json\/wp\/v2\/comments?post=6935"}],"version-history":[{"count":0,"href":"https:\/\/politicosaldesnudo.com.mx\/index.php\/wp-json\/wp\/v2\/posts\/6935\/revisions"}],"wp:featuredmedia":[{"embeddable":true,"href":"https:\/\/politicosaldesnudo.com.mx\/index.php\/wp-json\/wp\/v2\/media\/6936"}],"wp:attachment":[{"href":"https:\/\/politicosaldesnudo.com.mx\/index.php\/wp-json\/wp\/v2\/media?parent=6935"}],"wp:term":[{"taxonomy":"category","embeddable":true,"href":"https:\/\/politicosaldesnudo.com.mx\/index.php\/wp-json\/wp\/v2\/categories?post=6935"},{"taxonomy":"post_tag","embeddable":true,"href":"https:\/\/politicosaldesnudo.com.mx\/index.php\/wp-json\/wp\/v2\/tags?post=6935"}],"curies":[{"name":"wp","href":"https:\/\/api.w.org\/{rel}","templated":true}]}}