{"id":69415,"date":"2025-08-25T00:09:41","date_gmt":"2025-08-25T06:09:41","guid":{"rendered":"https:\/\/politicosaldesnudo.com.mx\/?p=69415"},"modified":"2025-08-24T21:21:44","modified_gmt":"2025-08-25T03:21:44","slug":"crece-en-china-uso-de-carbon-para-energia-pese-a-record-de-fuentes-renovables","status":"publish","type":"post","link":"https:\/\/politicosaldesnudo.com.mx\/index.php\/2025\/08\/25\/crece-en-china-uso-de-carbon-para-energia-pese-a-record-de-fuentes-renovables\/","title":{"rendered":"Crece en China uso de carb\u00f3n para energ\u00eda pese a r\u00e9cord de fuentes renovables"},"content":{"rendered":"<p class=\"nota-justify\">China tuvo un repunte en la generaci\u00f3n de energ\u00eda a carb\u00f3n en el primer semestre del a\u00f1o, pese a que alcanz\u00f3 un nivel r\u00e9cord en el uso de fuentes renovables, mostr\u00f3 un informe divulgado.<\/p>\n<p class=\"nota-justify\">El carb\u00f3n ha sido una fuente energ\u00e9tica esencial en China durante d\u00e9cadas, pero el aumento explosivo en las instalaciones e\u00f3licas y solares en los \u00faltimos a\u00f1os despert\u00f3 esperanzas de que el pa\u00eds abandonar\u00eda ese combustible f\u00f3sil contaminante.<\/p>\n<p class=\"nota-justify\">El carb\u00f3n representa cerca de la mitad de la generaci\u00f3n el\u00e9ctrica de China, por debajo de los tres cuartos de 2016.<\/p>\n<p class=\"nota-justify\">No obstante, China puso en operaci\u00f3n 21 gigavatios (GW) de energ\u00eda a carb\u00f3n adicionales en los primeros seis meses del a\u00f1o, el nivel m\u00e1s alto para un semestre desde 2016, seg\u00fan un informe del Centro de Investigaci\u00f3n de Energ\u00eda y Aire Limpio (CREA) y el Global Energy Monitor (GEM).<\/p>\n<p class=\"nota-justify\">El pa\u00eds tambi\u00e9n comenz\u00f3 o reanud\u00f3 la construcci\u00f3n de proyectos a carb\u00f3n por 46 GW, equivalente al total de energ\u00eda a carb\u00f3n en Corea del Sur, y lanz\u00f3 proyectos nuevos por otros 75 GW.<\/p>\n<p class=\"nota-justify\">Ese crecimiento amenaza la meta china de alcanzar su tope de emisiones de carbono para 2030 y podr\u00eda consolidar el papel del carb\u00f3n en su matriz energ\u00e9tica, advierte el informe.<\/p>\n<p class=\"nota-justify\">Como segunda econom\u00eda mundial, China es el mayor emisor de gases de efecto invernadero causantes del cambio clim\u00e1tico, pero tambi\u00e9n es una potencia en energ\u00edas renovables.<\/p>\n<p class=\"nota-justify\">\u201cEl desarrollo de energ\u00eda a carb\u00f3n en China (&#8230;) no muestra se\u00f1ales de disminuci\u00f3n, lo cual deja las emisiones en un nivel elevado y mantiene al carb\u00f3n en el sistema por numerosos a\u00f1os\u201d, coment\u00f3 Christine Shearer, analista del GEM y coautora del informe.<\/p>\n<p class=\"nota-justify\">M\u00e1s carb\u00f3n podr\u00eda ser incorporado a la red porque \u201chay una gran cantidad de proyectos (a carb\u00f3n) ya autorizadas en espera\u201d, tras un fuerte aumento de los nuevos permisos en 2022 y 2023, cuando la matriz energ\u00e9tica china luchaba por adaptarse al aumento de las fuentes renovables, se\u00f1al\u00f3 Lauri Myllyvirta, principal analista de CREA.<\/p>\n<p class=\"nota-justify\">Al mismo tiempo, China instal\u00f3 212 GW de capacidad solar en el primer semestre del a\u00f1o, un nuevo r\u00e9cord y m\u00e1s de la mitad del total de energ\u00eda solar instalada en Estados Unidos para finales de 2024.<\/p>\n<p class=\"nota-justify\">Tambi\u00e9n est\u00e1 en camino de instalar en 2025 suficiente energ\u00eda limpia \u2013solar, e\u00f3lica, nuclear e h\u00eddrica\u2013 para cubrir la demanda energ\u00e9tica total de Alemania y Reino Unido combinados.<\/p>\n<p class=\"nota-justify\">China podr\u00eda anunciar nuevas metas de emisiones y energ\u00eda en los pr\u00f3ximos meses, al divulgar detalles de su 15\u00ba Plan Quinquenal para el periodo 2026-2030.<\/p>\n","protected":false},"excerpt":{"rendered":"<p>China tuvo un repunte en la generaci\u00f3n de energ\u00eda a carb\u00f3n en el primer semestre del a\u00f1o, pese a que<\/p>\n","protected":false},"author":4,"featured_media":69416,"comment_status":"closed","ping_status":"closed","sticky":false,"template":"","format":"standard","meta":{"colormag_page_container_layout":"default_layout","colormag_page_sidebar_layout":"default_layout","_jetpack_memberships_contains_paid_content":false,"footnotes":"","jetpack_publicize_message":"","jetpack_publicize_feature_enabled":true,"jetpack_social_post_already_shared":true,"jetpack_social_options":{"image_generator_settings":{"template":"highway","default_image_id":0,"font":"","enabled":false},"version":2}},"categories":[2050],"tags":[],"class_list":["post-69415","post","type-post","status-publish","format-standard","has-post-thumbnail","hentry","category-economia"],"jetpack_publicize_connections":[],"jetpack_featured_media_url":"https:\/\/i0.wp.com\/politicosaldesnudo.com.mx\/wp-content\/uploads\/2025\/08\/CARB.jpg?fit=781%2C509&ssl=1","jetpack-related-posts":[],"jetpack_sharing_enabled":true,"_links":{"self":[{"href":"https:\/\/politicosaldesnudo.com.mx\/index.php\/wp-json\/wp\/v2\/posts\/69415","targetHints":{"allow":["GET"]}}],"collection":[{"href":"https:\/\/politicosaldesnudo.com.mx\/index.php\/wp-json\/wp\/v2\/posts"}],"about":[{"href":"https:\/\/politicosaldesnudo.com.mx\/index.php\/wp-json\/wp\/v2\/types\/post"}],"author":[{"embeddable":true,"href":"https:\/\/politicosaldesnudo.com.mx\/index.php\/wp-json\/wp\/v2\/users\/4"}],"replies":[{"embeddable":true,"href":"https:\/\/politicosaldesnudo.com.mx\/index.php\/wp-json\/wp\/v2\/comments?post=69415"}],"version-history":[{"count":0,"href":"https:\/\/politicosaldesnudo.com.mx\/index.php\/wp-json\/wp\/v2\/posts\/69415\/revisions"}],"wp:featuredmedia":[{"embeddable":true,"href":"https:\/\/politicosaldesnudo.com.mx\/index.php\/wp-json\/wp\/v2\/media\/69416"}],"wp:attachment":[{"href":"https:\/\/politicosaldesnudo.com.mx\/index.php\/wp-json\/wp\/v2\/media?parent=69415"}],"wp:term":[{"taxonomy":"category","embeddable":true,"href":"https:\/\/politicosaldesnudo.com.mx\/index.php\/wp-json\/wp\/v2\/categories?post=69415"},{"taxonomy":"post_tag","embeddable":true,"href":"https:\/\/politicosaldesnudo.com.mx\/index.php\/wp-json\/wp\/v2\/tags?post=69415"}],"curies":[{"name":"wp","href":"https:\/\/api.w.org\/{rel}","templated":true}]}}