{"id":69421,"date":"2025-08-25T00:11:16","date_gmt":"2025-08-25T06:11:16","guid":{"rendered":"https:\/\/politicosaldesnudo.com.mx\/?p=69421"},"modified":"2025-08-24T21:25:22","modified_gmt":"2025-08-25T03:25:22","slug":"prepara-se-plan-para-rescatar-al-sector-azucarero-de-su-peor-crisis-en-20-anos","status":"publish","type":"post","link":"https:\/\/politicosaldesnudo.com.mx\/index.php\/2025\/08\/25\/prepara-se-plan-para-rescatar-al-sector-azucarero-de-su-peor-crisis-en-20-anos\/","title":{"rendered":"Prepara SE plan para rescatar al sector azucarero de su peor crisis en 20 a\u00f1os"},"content":{"rendered":"<p class=\"nota-justify\">La Secretar\u00eda de Econom\u00eda (SE) anunci\u00f3 que est\u00e1 trabajando en propuestas integrales para beneficiar al sector azucarero del pa\u00eds que vive una de sus peores crisis en 20 a\u00f1os, lo cual incluye el combate al contrabando t\u00e9cnico de edulcorantes.<\/p>\n<p class=\"nota-justify\">La dependencia indic\u00f3 que mantiene el di\u00e1logo con los distintos actores de la cadena productiva de esta agroindustria con el fin de atender las distintas problem\u00e1ticas que atraviesa (<a href=\"https:\/\/tinyurl.com\/mrmdtyjj\" target=\"_blank\" rel=\"noopener noreferrer\">https:\/\/tinyurl.com\/mrmdtyjj<\/a>).<\/p>\n<p class=\"nota-justify\">\u201cComo producto de estas mesas de trabajo, se est\u00e1n elaborando propuestas integrales en beneficio del sector, entre ellas aquellas que buscan combatir el contrabando y pr\u00e1cticas que afectan la competitividad de la producci\u00f3n nacional\u201d, indic\u00f3.<\/p>\n<p class=\"nota-justify\">De acuerdo con los actores de la agroindustria, por puertos y fronteras se introducen al pa\u00eds \u201cpreparaciones alimenticias\u201d, las cuales son 95 por ciento az\u00facar, y el resto carb\u00f3n activado, maltodextrina o harina. Estas mezclas no pagan el arancel correspondiente, sino uno menor. Esta situaci\u00f3n ha sido reconocida por la Agencia Nacional de Aduanas de M\u00e9xico (ANAM), pero asegura que se est\u00e1 combatiendo.<\/p>\n<p class=\"nota-justify\">Diversos integrantes de esta agroindustria, como la C\u00e1mara Nacional de las Industrias Azucarera y Alcoholera, han expresado que desde el a\u00f1o pasado el mercado interno se ha \u201cinundado\u201d de az\u00facar importada.<\/p>\n<p class=\"nota-justify\">La SE rechaz\u00f3 que existan cupos de importaci\u00f3n vigentes, pues no ha emitido ni autorizado permisos de importaci\u00f3n de az\u00facar al amparo de cupos.<\/p>\n<p class=\"nota-justify\">\u201cLas importaciones de az\u00facar cumplen con el marco legal aplicable. Toda el az\u00facar que ingresa al territorio nacional paga el arancel correspondiente establecido en la Ley de los Impuestos Generales de Importaci\u00f3n y de Exportaci\u00f3n\u201d, subray\u00f3.<\/p>\n<p class=\"nota-justify\">\u201cLa SE refrenda su compromiso de mantener un di\u00e1logo abierto, respetuoso y constructivo con los sectores productivos del pa\u00eds, privilegiando siempre el desarrollo sostenible y la competitividad de la econom\u00eda nacional\u201d, indic\u00f3.<\/p>\n","protected":false},"excerpt":{"rendered":"<p>La Secretar\u00eda de Econom\u00eda (SE) anunci\u00f3 que est\u00e1 trabajando en propuestas integrales para beneficiar al sector azucarero del pa\u00eds que<\/p>\n","protected":false},"author":4,"featured_media":69422,"comment_status":"closed","ping_status":"closed","sticky":false,"template":"","format":"standard","meta":{"colormag_page_container_layout":"default_layout","colormag_page_sidebar_layout":"default_layout","_jetpack_memberships_contains_paid_content":false,"footnotes":"","jetpack_publicize_message":"","jetpack_publicize_feature_enabled":true,"jetpack_social_post_already_shared":true,"jetpack_social_options":{"image_generator_settings":{"template":"highway","default_image_id":0,"font":"","enabled":false},"version":2}},"categories":[2050],"tags":[],"class_list":["post-69421","post","type-post","status-publish","format-standard","has-post-thumbnail","hentry","category-economia"],"jetpack_publicize_connections":[],"jetpack_featured_media_url":"https:\/\/i0.wp.com\/politicosaldesnudo.com.mx\/wp-content\/uploads\/2025\/08\/LACA.jpg?fit=767%2C576&ssl=1","jetpack-related-posts":[],"jetpack_sharing_enabled":true,"_links":{"self":[{"href":"https:\/\/politicosaldesnudo.com.mx\/index.php\/wp-json\/wp\/v2\/posts\/69421","targetHints":{"allow":["GET"]}}],"collection":[{"href":"https:\/\/politicosaldesnudo.com.mx\/index.php\/wp-json\/wp\/v2\/posts"}],"about":[{"href":"https:\/\/politicosaldesnudo.com.mx\/index.php\/wp-json\/wp\/v2\/types\/post"}],"author":[{"embeddable":true,"href":"https:\/\/politicosaldesnudo.com.mx\/index.php\/wp-json\/wp\/v2\/users\/4"}],"replies":[{"embeddable":true,"href":"https:\/\/politicosaldesnudo.com.mx\/index.php\/wp-json\/wp\/v2\/comments?post=69421"}],"version-history":[{"count":0,"href":"https:\/\/politicosaldesnudo.com.mx\/index.php\/wp-json\/wp\/v2\/posts\/69421\/revisions"}],"wp:featuredmedia":[{"embeddable":true,"href":"https:\/\/politicosaldesnudo.com.mx\/index.php\/wp-json\/wp\/v2\/media\/69422"}],"wp:attachment":[{"href":"https:\/\/politicosaldesnudo.com.mx\/index.php\/wp-json\/wp\/v2\/media?parent=69421"}],"wp:term":[{"taxonomy":"category","embeddable":true,"href":"https:\/\/politicosaldesnudo.com.mx\/index.php\/wp-json\/wp\/v2\/categories?post=69421"},{"taxonomy":"post_tag","embeddable":true,"href":"https:\/\/politicosaldesnudo.com.mx\/index.php\/wp-json\/wp\/v2\/tags?post=69421"}],"curies":[{"name":"wp","href":"https:\/\/api.w.org\/{rel}","templated":true}]}}