{"id":69427,"date":"2025-08-25T00:13:40","date_gmt":"2025-08-25T06:13:40","guid":{"rendered":"https:\/\/politicosaldesnudo.com.mx\/?p=69427"},"modified":"2025-08-24T21:31:52","modified_gmt":"2025-08-25T03:31:52","slug":"marchan-en-guadalajara-contra-el-macrobus-piden-construir-el-tren-ligero","status":"publish","type":"post","link":"https:\/\/politicosaldesnudo.com.mx\/index.php\/2025\/08\/25\/marchan-en-guadalajara-contra-el-macrobus-piden-construir-el-tren-ligero\/","title":{"rendered":"Marchan en Guadalajara contra el Macrob\u00fas; piden construir el Tren Ligero"},"content":{"rendered":"<p class=\"nota-justify\">Opositores a la construcci\u00f3n de una l\u00ednea de Macrob\u00fas que ir\u00eda del aeropuerto a Guadalajara, exigieron por tercera ocasi\u00f3n en una marcha por el centro de esta ciudad que el gobernador, Pablo Lemus, respete su compromiso de campa\u00f1a y construya la l\u00ednea 5 del Tren Ligero y no carriles restringidos para camiones articulados.<\/p>\n<p class=\"nota-justify\">\u201cNo al macrob\u00fas, s\u00ed al Tren Ligero\u201d, fue la consigna de los grupos que se oponen a la propuesta de Lemus repitieron durante la marcha que fue del parque Revoluci\u00f3n a Plaza de Armas, afirmando que camiones articulados no son la respuesta a la problem\u00e1tica de movilidad en esa zona de la carretera a Chapala, pero s\u00ed en cambio ser\u00e1 un nuevo negocio de empresarios del transporte que obtienen grandes dividendos de un servicio p\u00fablico concesionado.<\/p>\n<p class=\"nota-justify\">Durante la marcha tambi\u00e9n se\u00f1alaron que sobre avenida L\u00f3pez Mateos, la m\u00e1s transitada de la ciudad, todo indica que el gobierno de Lemus proyecta construir un segundo piso, cuando la soluci\u00f3n vial debe por igual ser la de una l\u00ednea de Tren Ligero.<\/p>\n<p class=\"nota-justify\">Los opositores se han encontrado con un bloqueo no s\u00f3lo de Lemus, sino de autoridades municipales y federales, ante quienes han acudido para solicitar audiencia y exponer las razones de preferir el tren, que estar\u00eda bajo la administraci\u00f3n directa del gobierno estatal, por sobre el Macrob\u00fas, que aprovechar\u00eda como ya lo hace en dos rutas que tienen, la infraestructura que con fondos p\u00fablicos se construye para circular por carriles restringidos y hacer un negocio que privilegia la ganancia sobre el servicio.<\/p>\n<p class=\"nota-justify\">Anunciaron que el pr\u00f3ximo jueves 28 de agosto a las 10:30 horas insistir\u00e1n con la presidenta municipal de Tlaquepaque, Laura Imelda P\u00e9rez Segura, para con fundamento en el art\u00edculo 8 constitucional solicitar respuesta al escrito del d\u00eda 23 de junio donde por primera vez se le pidi\u00f3 una cita para tratar el tema de la cancelaci\u00f3n del Macrob\u00fas, pues \u201ccon fundamento en el art\u00edculo 115 constitucional, los ayuntamientos est\u00e1n obligados a proporcionar los servicios p\u00fablicos\u201d, como es el caso del transporte.<\/p>\n","protected":false},"excerpt":{"rendered":"<p>Opositores a la construcci\u00f3n de una l\u00ednea de Macrob\u00fas que ir\u00eda del aeropuerto a Guadalajara, exigieron por tercera ocasi\u00f3n en<\/p>\n","protected":false},"author":4,"featured_media":69428,"comment_status":"closed","ping_status":"closed","sticky":false,"template":"","format":"standard","meta":{"colormag_page_container_layout":"default_layout","colormag_page_sidebar_layout":"default_layout","_jetpack_memberships_contains_paid_content":false,"footnotes":"","jetpack_publicize_message":"","jetpack_publicize_feature_enabled":true,"jetpack_social_post_already_shared":true,"jetpack_social_options":{"image_generator_settings":{"template":"highway","default_image_id":0,"font":"","enabled":false},"version":2}},"categories":[30],"tags":[],"class_list":["post-69427","post","type-post","status-publish","format-standard","has-post-thumbnail","hentry","category-estados"],"jetpack_publicize_connections":[],"jetpack_featured_media_url":"https:\/\/i0.wp.com\/politicosaldesnudo.com.mx\/wp-content\/uploads\/2025\/08\/SIONQ.jpg?fit=776%2C551&ssl=1","jetpack-related-posts":[],"jetpack_sharing_enabled":true,"_links":{"self":[{"href":"https:\/\/politicosaldesnudo.com.mx\/index.php\/wp-json\/wp\/v2\/posts\/69427","targetHints":{"allow":["GET"]}}],"collection":[{"href":"https:\/\/politicosaldesnudo.com.mx\/index.php\/wp-json\/wp\/v2\/posts"}],"about":[{"href":"https:\/\/politicosaldesnudo.com.mx\/index.php\/wp-json\/wp\/v2\/types\/post"}],"author":[{"embeddable":true,"href":"https:\/\/politicosaldesnudo.com.mx\/index.php\/wp-json\/wp\/v2\/users\/4"}],"replies":[{"embeddable":true,"href":"https:\/\/politicosaldesnudo.com.mx\/index.php\/wp-json\/wp\/v2\/comments?post=69427"}],"version-history":[{"count":0,"href":"https:\/\/politicosaldesnudo.com.mx\/index.php\/wp-json\/wp\/v2\/posts\/69427\/revisions"}],"wp:featuredmedia":[{"embeddable":true,"href":"https:\/\/politicosaldesnudo.com.mx\/index.php\/wp-json\/wp\/v2\/media\/69428"}],"wp:attachment":[{"href":"https:\/\/politicosaldesnudo.com.mx\/index.php\/wp-json\/wp\/v2\/media?parent=69427"}],"wp:term":[{"taxonomy":"category","embeddable":true,"href":"https:\/\/politicosaldesnudo.com.mx\/index.php\/wp-json\/wp\/v2\/categories?post=69427"},{"taxonomy":"post_tag","embeddable":true,"href":"https:\/\/politicosaldesnudo.com.mx\/index.php\/wp-json\/wp\/v2\/tags?post=69427"}],"curies":[{"name":"wp","href":"https:\/\/api.w.org\/{rel}","templated":true}]}}