{"id":69430,"date":"2025-08-25T00:14:24","date_gmt":"2025-08-25T06:14:24","guid":{"rendered":"https:\/\/politicosaldesnudo.com.mx\/?p=69430"},"modified":"2025-08-24T21:33:36","modified_gmt":"2025-08-25T03:33:36","slug":"comunidad-de-chapa-nuevo-michoacan-se-regira-por-usos-y-costumbres","status":"publish","type":"post","link":"https:\/\/politicosaldesnudo.com.mx\/index.php\/2025\/08\/25\/comunidad-de-chapa-nuevo-michoacan-se-regira-por-usos-y-costumbres\/","title":{"rendered":"Comunidad de Chapa Nuevo, Michoac\u00e1n, se regir\u00e1 por usos y costumbres"},"content":{"rendered":"<p class=\"nota-justify\">La comunidad Chapa Nuevo, municipio de Salvador Escalante, decidi\u00f3 en asamblea general, con 512 votos a favor y nueve en contra, optar por un gobierno tradicional basado en usos y costumbres siendo as\u00ed la primera encargatura del orden que logra su autonom\u00eda, de acuerdo al marco jur\u00eddico que ha permitido que 47 pueblos originarios alcancen su autonom\u00eda, inform\u00f3 el Consejo Supremo Ind\u00edgena de Michoac\u00e1n (CSIM).<\/p>\n<p class=\"nota-justify\">De acuerdo a las reformas ind\u00edgenas de la federaci\u00f3n y de Michoac\u00e1n, Chapa Nuevo ser\u00e1 reconocida por alcanzar su autogobierno, siendo un pueblo pur\u00e9pecha de mil 300 habitantes, que les permitir\u00e1 recibir presupuesto directo de acuerdo al n\u00famero de habitantes, adem\u00e1s podr\u00e1n integrar su polic\u00eda comunitaria, adem\u00e1s de contar con la organizaci\u00f3n para la defensa de su territorio.<\/p>\n<p class=\"nota-justify\">\u201cEsta encargatura del orden que defiende su territorio y lucha por sus derechos colectivos, re\u00fane elementos hist\u00f3ricos, de territorio, forma e instituciones de gobierno, as\u00ed como una poblaci\u00f3n que se autoadscribe e identifica como un pueblo pur\u00e9pecha\u201d, se\u00f1ala el comunicado de prensa del CSIM.<\/p>\n<p class=\"nota-justify\">Es importante que la encargatura del orden de Chapa Nuevo, abra el camino a otras peque\u00f1as localidades ind\u00edgenas del estado, de tal forma que puedan administrar el presupuesto directo, y lograr una mejor organizaci\u00f3n comunitaria, al margen del gobierno municipal, se\u00f1ala la organizaci\u00f3n ind\u00edgena.<\/p>\n","protected":false},"excerpt":{"rendered":"<p>La comunidad Chapa Nuevo, municipio de Salvador Escalante, decidi\u00f3 en asamblea general, con 512 votos a favor y nueve en<\/p>\n","protected":false},"author":4,"featured_media":69431,"comment_status":"closed","ping_status":"closed","sticky":false,"template":"","format":"standard","meta":{"colormag_page_container_layout":"default_layout","colormag_page_sidebar_layout":"default_layout","_jetpack_memberships_contains_paid_content":false,"footnotes":"","jetpack_publicize_message":"","jetpack_publicize_feature_enabled":true,"jetpack_social_post_already_shared":true,"jetpack_social_options":{"image_generator_settings":{"template":"highway","default_image_id":0,"font":"","enabled":false},"version":2}},"categories":[30],"tags":[],"class_list":["post-69430","post","type-post","status-publish","format-standard","has-post-thumbnail","hentry","category-estados"],"jetpack_publicize_connections":[],"jetpack_featured_media_url":"https:\/\/i0.wp.com\/politicosaldesnudo.com.mx\/wp-content\/uploads\/2025\/08\/MICHU.jpg?fit=781%2C576&ssl=1","jetpack-related-posts":[],"jetpack_sharing_enabled":true,"_links":{"self":[{"href":"https:\/\/politicosaldesnudo.com.mx\/index.php\/wp-json\/wp\/v2\/posts\/69430","targetHints":{"allow":["GET"]}}],"collection":[{"href":"https:\/\/politicosaldesnudo.com.mx\/index.php\/wp-json\/wp\/v2\/posts"}],"about":[{"href":"https:\/\/politicosaldesnudo.com.mx\/index.php\/wp-json\/wp\/v2\/types\/post"}],"author":[{"embeddable":true,"href":"https:\/\/politicosaldesnudo.com.mx\/index.php\/wp-json\/wp\/v2\/users\/4"}],"replies":[{"embeddable":true,"href":"https:\/\/politicosaldesnudo.com.mx\/index.php\/wp-json\/wp\/v2\/comments?post=69430"}],"version-history":[{"count":0,"href":"https:\/\/politicosaldesnudo.com.mx\/index.php\/wp-json\/wp\/v2\/posts\/69430\/revisions"}],"wp:featuredmedia":[{"embeddable":true,"href":"https:\/\/politicosaldesnudo.com.mx\/index.php\/wp-json\/wp\/v2\/media\/69431"}],"wp:attachment":[{"href":"https:\/\/politicosaldesnudo.com.mx\/index.php\/wp-json\/wp\/v2\/media?parent=69430"}],"wp:term":[{"taxonomy":"category","embeddable":true,"href":"https:\/\/politicosaldesnudo.com.mx\/index.php\/wp-json\/wp\/v2\/categories?post=69430"},{"taxonomy":"post_tag","embeddable":true,"href":"https:\/\/politicosaldesnudo.com.mx\/index.php\/wp-json\/wp\/v2\/tags?post=69430"}],"curies":[{"name":"wp","href":"https:\/\/api.w.org\/{rel}","templated":true}]}}