{"id":69453,"date":"2025-08-25T00:54:43","date_gmt":"2025-08-25T06:54:43","guid":{"rendered":"https:\/\/politicosaldesnudo.com.mx\/?p=69453"},"modified":"2025-08-25T00:54:43","modified_gmt":"2025-08-25T06:54:43","slug":"la-presidenta-claudia-sheinbaum-responde-fuerte-a-los-conservadores-vende-patria-y-a-la-dea","status":"publish","type":"post","link":"https:\/\/politicosaldesnudo.com.mx\/index.php\/2025\/08\/25\/la-presidenta-claudia-sheinbaum-responde-fuerte-a-los-conservadores-vende-patria-y-a-la-dea\/","title":{"rendered":"La presidenta Claudia Sheinbaum, responde fuerte a los conservadores vende patria y a la DEA"},"content":{"rendered":"<p>Los cinco d\u00edas de la semana que pas\u00f3, la presidenta, Claudia Sheinbaum Pardo, dedic\u00f3 parte de la conferencia ma\u00f1anera, dar una respuesta contundente a la administraci\u00f3n para el control de drogas (DEA por sus siglas en ingl\u00e9s), desminti\u00f3 categ\u00f3ricamente a esta agencia federal de los Estados Unidos, dependiente del Departamento de Justicia de ese pa\u00eds, sobre supuesto operativo conjunto llamado \u00bb PORTERO \u00bb en la frontera norte, para el control de fentanilo.<\/p>\n<p>Es que la agencia estadounidense a trav\u00e9s de su representante Terry Cole anunci\u00f3 que existe buena coordinaci\u00f3n con M\u00e9xico para el operativo, lo cual se sabe,\u00a0 es totalmente falso porque no existe ning\u00fan operativo especial en la frontera norte. La presidenta fue contundente tras las declaraciones de este personaje de la DEA, quien por segunda ocasi\u00f3n esta en M\u00e9xico con el mismo puesto, pero ahora por disposiciones de Donald Trump,\u00a0 sobre que no descarta un posible borbardeo contra los carteles de la droga M\u00e9xico. La presidenta, basada en la Constituci\u00f3n Pol\u00edtica le respondi\u00f3 diciendo: \u00a1no!, \u201cM\u00e9xico es un pa\u00eds libre, independiente y soberano y ning\u00fan extranjero se atrever\u00e1 a violar nuestra soberan\u00eda, No es como antes. M\u00e9xico tiene mucha fuerza, nacional por nuestro pueblo e internacional tambi\u00e9n, y sentenci\u00f3, que ante cualquier intento tenemos el himno nacional, un soldado en cada hijo te dio\u00bb.<\/p>\n<p>La respuesta valiente y patri\u00f3tica de la mandataria mexicana, muestra su temple y car\u00e1cter; adem\u00e1s, lleva varias vertientes y dedicatorias. Y es que la\u00a0 senadora del Partido Acci\u00f3n Nacional Lilly T\u00e9llez, en medio de sus locuras y esquizofrenia, est\u00e1 solicitando la invasi\u00f3n de los Estados Unidos a M\u00e9xico. Es tanto el coraje\u00a0 que le tiene a los mexicanos esta senadora que con su llamado a la intervenci\u00f3n, no solo traiciona a la patria sino que tambi\u00e9n expone al pueblo.<\/p>\n<p>Ante las declaraciones\u00a0 de la tambi\u00e9n calificada por sus hom\u00f3logos como vende patria, la presidenta Sheinbaum\u00a0 compar\u00f3 a Lilly T\u00e9llez con los conservadores del siglo XIX \u00bb que fueron a Europa a pedir que un emperador viniera a gobernar a M\u00e9xico. Frente a la vergonzosa postura de la senadora, diputadas y diputados; adem\u00e1s de senadoras y senadores, solicitan que a Lilly T\u00e9llez le apliquen antidoping, porque parece que su estado no es normal cada que da una entrevista, mientras que la mayor\u00eda de los mexicanos exigen juicio pol\u00edtico y desafuero. Contra los enemigos de M\u00e9xico y particularmente de Andr\u00e9s Manuel L\u00f3pez Obrador y de la presidenta Claudia Sheinbaum Pardo, el karma los est\u00e1 alcanzando.<\/p>\n<p>Un fallo judicial est\u00e1 obligando a la editorial Penguin Randon House (Grijalbo en M\u00e9xico)\u00a0 a publicar r\u00e9plicas de la empresa Televisa a partes del libro de Anabel Fern\u00e1ndez \u00bb Las se\u00f1oras de narco \u00bb amar en el infierno. La r\u00e9plica demostr\u00f3 que porciones del\u00a0 libro de Anabel est\u00e1 lleno de inventos, sin sustentos ni fundamentos. En varias\u00a0 p\u00e1ginas del libro la \u00bb periodista \u00bb acusa a actrices de Televisa de prostituirse con el narcotraficante Arturo Beltr\u00e1n Leyva, entre los a\u00f1os 2005 y 2006. La sentencia es un duro golpe tanto para la editorial que publica los libros de la \u00bb escritora\u00bb como para ella misma.<\/p>\n<p>Las mentiras de Anabel Fern\u00e1ndez hundieron a su casa editora. El fallo judicial del tribunal colegiado de apelaci\u00f3n del vig\u00e9simo sexto circuito, con sede en la Paz, Baja California, es firme e inapelable. La sentencia tambi\u00e9n muestra que Anabel ejerce un periodismo fantasioso, en eso coinciden muchos de sus colegas y de que se ha pasado parte de su vida y \u00bb trabajo \u00bb a difamar al ex presidente Andr\u00e9s Manuel L\u00f3pez Obrador. En el contexto internacional\u00a0 El rotativo el Pa\u00eds de Espa\u00f1a, qued\u00f3 vilmente ridiculizado al ser exhibido como ruin y vil mentiroso al afirmar que Beatriz Guti\u00e9rrez M\u00fcller, esposa del ex presidente Andr\u00e9s Manuel L\u00f3pez Obrador, vive en una lujosa mansi\u00f3n en La Moraleja, Madrid Espa\u00f1a. Cuando la mayor\u00eda de los medios masivos &#8211; convencionales, en primeras planas de la prensa escrita y en primer orden de los medios hablados, aseguraban y afirmaban, dando r\u00e9plica a lo dicho por el diario espa\u00f1ol, en M\u00e9xico y en el mism\u00edsimo Veracruz, Beatriz Guti\u00e9rrez M\u00fcller se paseaba en el aeropuerto de Canticas del municipio de Cosoleacaque, se manten\u00edan sorprendidos de las falsedades del dizque \u00bb reconocido medio informativo\u00bb. Ernesto, el hijo m\u00e1s peque\u00f1o de Andr\u00e9s y su madre, la escritora Beatriz Guti\u00e9rrez M\u00fcller, ven\u00edan de visitar en Palenque, Chiapas, a su pap\u00e1 y justo cuando esperaban el vuelo que los trasladar\u00edan a la CDMX, se encontraron con Sabina Berman, quien tambi\u00e9n viajar\u00eda\u00a0 a M\u00e9xico, despu\u00e9s de haber participado en el \u00bb festival del mar \u00bb en Coatzacoalcos.<\/p>\n<p>Todos estos acontecimientos dejan en claro que la oposici\u00f3n se extravi\u00f3 y que no se encuentran o mejor dicho, independientemente de que perdieron toda dignidad y principios, no logran construir un liderazgo fuerte y capaz de enfrentar al oficialismo. Rumbo al 2027, 2029 y; sobre todo, rumbo al 2030, no se le ve por d\u00f3nde, ni como ganarle a MORENA. Es m\u00e1s probable que surja un l\u00edder independiente, ciudadano y sin partido, antes de que el PAN, PRI y MC, gane m\u00e1s espacios y terreno. Y eso que todav\u00eda no se aprueba la reforma electoral, esa que le quitar\u00e1 las plurinominales y las prerrogativas.<\/p>\n<p>EN VERACRUZ LA GOBERNADORA ROC\u00cdO NAHLE Garc\u00eda y la secretaria de Educaci\u00f3n Claudia Tello Espinosa, le apuestan abatir el rezago educativo en j\u00f3venes y adultos, a trav\u00e9s del Instituto Veracruzano de Educaci\u00f3n para los Adultos, mediante el programa \u00abNunca es Tarde para Aprender\u00bb. Cuentan con aliados estrat\u00e9gicos voluntarios para enfrentar el analfabetismo como las instituciones educativas del nivel superior y medio superior (Tecnol\u00f3gicos del estado y Cobaev&#8217;s ) quienes mediante convenios de colaboraci\u00f3n, llevar\u00e1n hasta el \u00faltimo rinc\u00f3n de manera gratuita a los educandos sus respectivos m\u00f3dulos y asesor\u00eda.<\/p>\n<p>Los recorridos que hace en todo el estado y en todas las coordinaciones la directora general del Instituto Veracruzano de Educaci\u00f3n para los Adultos, licenciada Claudia Aguilar Reyes, es con ese prop\u00f3sito, evaluar y darle seguimiento a los trabajos inherentes a esta noble causa. En el IVEA se le apuesta a la productividad y a los resultados, con jornadas de incorporaci\u00f3n permanentes y con la participaci\u00f3n de todas las figuras, docentes, asesores y personal administrativo, nada como el trabajo en equipo, extern\u00f3 en una exposici\u00f3n en el marco del d\u00eda internacional de los pueblos originarios, la licenciada Ana Vargas Morales &#8211; coordinadora de la zona 29 de J\u00e1ltipan,.<\/p>\n<p>ESTABLECIDO por\u00a0 la Procuradur\u00eda Federal de la Defensa del Trabajo\u00a0 los d\u00edas de descanso obligatorio en M\u00e9xico est\u00e1n regulados en el art\u00edculo 74 de la Ley Federal del Trabajo.<\/p>\n<p>Estos son: 1 de enero. Primer lunes de febrero (Constituci\u00f3n de 1917). Tercer lunes de marzo (natalicio de Benito Ju\u00e1rez). 1 de mayo (D\u00eda del Trabajo). 16 de septiembre (Inicio de la Independencia). Tercer lunes de noviembre Revoluci\u00f3n mexicana. 1 de octubre cada 6 a\u00f1os por el cambio del poder Ejecutivo Federal y 25 de diciembre.<\/p>\n<p>COSOLEACAQUE, PUEBLO TABASQUE\u00d1O \u2013JAROCHO CUMPLE CCCXX A\u00d1OS DE FUNDACI\u00d3N.<\/p>\n<p>Con un acto C\u00edvico que tuvo lugar este domingo, 24 de agosto, por la ma\u00f1ana, en el parque Miguel Hidalgo, autoridades municipales y pueblo en general, recordaron el 320 Aniversario de fundaci\u00f3n de la Heroica ciudad de Cosoleacaque; el evento fue presidido por el alcalde Ponciano V\u00e1zquez Parissi.,<\/p>\n<p>.Con esta actividad C\u00edvica y cultura, el gobierno municipal fomenta\u00a0 y fortalece la preservaci\u00f3n de la historia del municipio y rinde un homenaje a sus fundadores que hace m\u00e1s de tres siglos arribaron a esta parte sur del Estado.<\/p>\n<p><img data-recalc-dims=\"1\" loading=\"lazy\" decoding=\"async\" class=\"aligncenter size-full wp-image-69383\" src=\"https:\/\/i0.wp.com\/politicosaldesnudo.com.mx\/wp-content\/uploads\/2025\/08\/FIRMA-EDITORIAL-PD-6.jpg?resize=800%2C98&#038;ssl=1\" alt=\"\" width=\"800\" height=\"98\" srcset=\"https:\/\/i0.wp.com\/politicosaldesnudo.com.mx\/wp-content\/uploads\/2025\/08\/FIRMA-EDITORIAL-PD-6.jpg?w=1024&amp;ssl=1 1024w, https:\/\/i0.wp.com\/politicosaldesnudo.com.mx\/wp-content\/uploads\/2025\/08\/FIRMA-EDITORIAL-PD-6.jpg?resize=300%2C37&amp;ssl=1 300w, https:\/\/i0.wp.com\/politicosaldesnudo.com.mx\/wp-content\/uploads\/2025\/08\/FIRMA-EDITORIAL-PD-6.jpg?resize=768%2C94&amp;ssl=1 768w\" sizes=\"auto, (max-width: 800px) 100vw, 800px\" \/><\/p>\n","protected":false},"excerpt":{"rendered":"<p>Los cinco d\u00edas de la semana que pas\u00f3, la presidenta, Claudia Sheinbaum Pardo, dedic\u00f3 parte de la conferencia ma\u00f1anera, dar<\/p>\n","protected":false},"author":4,"featured_media":56392,"comment_status":"closed","ping_status":"closed","sticky":false,"template":"","format":"standard","meta":{"colormag_page_container_layout":"default_layout","colormag_page_sidebar_layout":"default_layout","_jetpack_memberships_contains_paid_content":false,"footnotes":"","jetpack_publicize_message":"","jetpack_publicize_feature_enabled":true,"jetpack_social_post_already_shared":true,"jetpack_social_options":{"image_generator_settings":{"template":"highway","default_image_id":0,"font":"","enabled":false},"version":2}},"categories":[26],"tags":[],"class_list":["post-69453","post","type-post","status-publish","format-standard","has-post-thumbnail","hentry","category-columnistas"],"jetpack_publicize_connections":[],"jetpack_featured_media_url":"https:\/\/i0.wp.com\/politicosaldesnudo.com.mx\/wp-content\/uploads\/2025\/02\/LEAD-POLITICO-AZUL.jpg?fit=800%2C445&ssl=1","jetpack-related-posts":[],"jetpack_sharing_enabled":true,"_links":{"self":[{"href":"https:\/\/politicosaldesnudo.com.mx\/index.php\/wp-json\/wp\/v2\/posts\/69453","targetHints":{"allow":["GET"]}}],"collection":[{"href":"https:\/\/politicosaldesnudo.com.mx\/index.php\/wp-json\/wp\/v2\/posts"}],"about":[{"href":"https:\/\/politicosaldesnudo.com.mx\/index.php\/wp-json\/wp\/v2\/types\/post"}],"author":[{"embeddable":true,"href":"https:\/\/politicosaldesnudo.com.mx\/index.php\/wp-json\/wp\/v2\/users\/4"}],"replies":[{"embeddable":true,"href":"https:\/\/politicosaldesnudo.com.mx\/index.php\/wp-json\/wp\/v2\/comments?post=69453"}],"version-history":[{"count":0,"href":"https:\/\/politicosaldesnudo.com.mx\/index.php\/wp-json\/wp\/v2\/posts\/69453\/revisions"}],"wp:featuredmedia":[{"embeddable":true,"href":"https:\/\/politicosaldesnudo.com.mx\/index.php\/wp-json\/wp\/v2\/media\/56392"}],"wp:attachment":[{"href":"https:\/\/politicosaldesnudo.com.mx\/index.php\/wp-json\/wp\/v2\/media?parent=69453"}],"wp:term":[{"taxonomy":"category","embeddable":true,"href":"https:\/\/politicosaldesnudo.com.mx\/index.php\/wp-json\/wp\/v2\/categories?post=69453"},{"taxonomy":"post_tag","embeddable":true,"href":"https:\/\/politicosaldesnudo.com.mx\/index.php\/wp-json\/wp\/v2\/tags?post=69453"}],"curies":[{"name":"wp","href":"https:\/\/api.w.org\/{rel}","templated":true}]}}