{"id":69463,"date":"2025-08-25T01:05:14","date_gmt":"2025-08-25T07:05:14","guid":{"rendered":"https:\/\/politicosaldesnudo.com.mx\/?p=69463"},"modified":"2025-08-25T01:05:14","modified_gmt":"2025-08-25T07:05:14","slug":"carta-contra-la-democracia","status":"publish","type":"post","link":"https:\/\/politicosaldesnudo.com.mx\/index.php\/2025\/08\/25\/carta-contra-la-democracia\/","title":{"rendered":"Carta contra la democracia"},"content":{"rendered":"<p style=\"text-align: justify; background: white;\"><strong><span style=\"font-size: 18pt; font-family: arial, helvetica, sans-serif; color: #222222;\">-Ex militantes de partidos, ex consejeros, ex funcionarios, ex candidatas, ex par\u00e1sitos contra los cambios<\/span><\/strong><\/p>\n<p style=\"text-align: justify; background: white;\"><strong><span style=\"font-size: 18pt; font-family: arial, helvetica, sans-serif; color: #222222;\">Por \u00c1ngel \u00c1lvaro Pe\u00f1a<\/span><\/strong><\/p>\n<p style=\"text-align: justify; background: white;\"><span style=\"font-size: 18pt; font-family: arial, helvetica, sans-serif; color: #222222;\">Pocos pueden tomar en serio que una carta firmada por algunas personas que han sido rechazadas por la poblaci\u00f3n. Incluso a muchas de ellas nadie quisiera volver a verlas en los medios.<\/span><\/p>\n<p style=\"text-align: justify; background: white;\"><span style=\"font-size: 18pt; font-family: arial, helvetica, sans-serif; color: #222222;\">Se gobierna obedeciendo al pueblo y si los mexicanos rechazan a una minor\u00eda nost\u00e1lgica de poder, lo menos que puede hacerse es mostrar sus ambiciones personales, con m\u00e1s pasado que futuro.<\/span><\/p>\n<p style=\"text-align: justify; background: white;\"><span style=\"font-family: arial, helvetica, sans-serif; font-size: 18pt;\"><span style=\"color: #222222;\">La creaci\u00f3n de la\u00a0<\/span><a title=\"https:\/\/www.eluniversal.com.mx\/nacion\/plurinominales-un-monopolio-de-asientos-para-lideres-partidistas-pablo-gomez-no-hay-regresion-defiende-reforma-electoral\/\" href=\"https:\/\/www.eluniversal.com.mx\/nacion\/plurinominales-un-monopolio-de-asientos-para-lideres-partidistas-pablo-gomez-no-hay-regresion-defiende-reforma-electoral\/\" target=\"_blank\" rel=\"noopener\"><span style=\"color: windowtext; text-decoration: none;\">Comisi\u00f3n Presidencial para la Reforma Electoral<\/span><\/a><span style=\"color: #222222;\">, motiv\u00f3 la publicaci\u00f3n de una carta que parec\u00eda la conformaci\u00f3n de indeseables, con personajes como Beatriz Pag\u00e9s, X\u00f3chitl G\u00e1lvez, H\u00e9ctor Aguilar Cam\u00edn, Margarita Zavala, Cecilia Soto, Guadalupe Acosta Naranjo, L\u00eda Lim\u00f3n, Luis Carlos Ugalde, Lorenzo C\u00f3rdova, entre otros, hasta completar 270.<\/span><\/span><\/p>\n<p style=\"text-align: justify; background: white;\"><span style=\"font-size: 18pt; font-family: arial, helvetica, sans-serif; color: #222222;\">Se autodefinen como minor\u00edas pero en realidad son moner\u00edas, porque ni siquiera llegan a conformar grupos y est\u00e1n en proceso de conformar partidos que pareciera se quedar\u00e1n en el camino por falta de apoyo social.<\/span><\/p>\n<p style=\"text-align: justify; background: white;\"><span style=\"font-size: 18pt; font-family: arial, helvetica, sans-serif; color: #222222;\">Una larga lista de frustrados pol\u00edticos que tienen cerrados los accesos al poder por decisi\u00f3n popular.<\/span><\/p>\n<p style=\"text-align: justify; background: white;\"><span style=\"font-size: 18pt; font-family: arial, helvetica, sans-serif; color: #222222;\">Ninguno de los anteriores puede verse como servidor p\u00fablico o representante de grupos. Son sobrevivientes de partidos desaparecidos o a punto de desparecer y en el mejor de los casos comediantes de la pol\u00edtica.<\/span><\/p>\n<p style=\"text-align: justify; background: white;\"><span style=\"font-size: 18pt; font-family: arial, helvetica, sans-serif; color: #222222;\">Quieren promover un debate p\u00fablico incluyente que cuente con la participaci\u00f3n de partidos, instituciones y ciudadan\u00eda, lo cual est\u00e1 abierto, pero como sucede con el PAN, dicho en palabras de su l\u00edder, el capo del c\u00e1rtel inmobiliario Jorge Romero, que \u201cno les ha llegado la invitaci\u00f3n\u201d.<\/span><\/p>\n<p style=\"text-align: justify; background: white;\"><span style=\"font-size: 18pt; font-family: arial, helvetica, sans-serif; color: #222222;\">Est\u00e1n desesperados porque la convocatoria est\u00e1 abierta a todos, pero quieren un lugar preponderante para hacer espect\u00e1culos al estilo de su compa\u00f1era senadora conocida como traidora a la patria, no quieren ser uno m\u00e1s del mont\u00f3n.<\/span><\/p>\n<p style=\"text-align: justify; background: white;\"><span style=\"font-size: 18pt; font-family: arial, helvetica, sans-serif; color: #222222;\">Desde que la reforma electoral fue una simple idea, se habl\u00f3 de un debate plural representativo, esto quiere decir que cualquier mexicano que tenga una representaci\u00f3n social, aunque sea de 10 personas tiene derecho a asistir, pero como los ex consejeros del INE, no representan a nadie, no los quiere nadie. De hecho, aunque haya muchos que trabajaron en el IFE o el INE, s\u00f3lo tienen una propuesta individual con miras en el pasado.<\/span><\/p>\n<p style=\"text-align: justify; background: white;\"><span style=\"font-size: 18pt; font-family: arial, helvetica, sans-serif; color: #222222;\">El PAN, que quiere una invitaci\u00f3n especial pide autonom\u00eda de organismos electorales y designaci\u00f3n de consejer\u00edas v\u00eda Congreso en reforma electoral, adem\u00e1s de una segunda vuelta en las elecciones presidenciales, lo cual resulta tan innecesario como costoso, pero la cosa es llamar la atenci\u00f3n y decir que est\u00e1n vivos todav\u00eda, pero sobre todo sabotear la reforma.<\/span><\/p>\n<p style=\"text-align: justify; background: white;\"><span style=\"font-size: 18pt; font-family: arial, helvetica, sans-serif; color: #222222;\">Indicaron que se requieren modelos de representaci\u00f3n con voz y voto, olvidando que para eso est\u00e1n las elecciones. Y una de las premisas m\u00e1s concretas y acordadas por consenso, desde hace muchos a\u00f1os, dice que para que las minor\u00edas tengan derechos \u00e9stos deben ser aprobados por la mayor\u00eda, a la cual no pertenece ni uno solo de los abajo firmantes.<\/span><\/p>\n<p style=\"text-align: justify; background: white;\"><span style=\"font-size: 18pt; font-family: arial, helvetica, sans-serif; color: #222222;\">Piden autonom\u00eda de un \u00f3rgano que nunca ha sido aut\u00f3nomo, lo que quiere decir que consideran que todo regrese al estado en el que estaba en el pasado negando los avances en la democracia que impulsa la conciencia social.<\/span><\/p>\n<p style=\"text-align: justify; background: white;\"><span style=\"font-size: 18pt; font-family: arial, helvetica, sans-serif; color: #222222;\">Todo lo que piden est\u00e1 se\u00f1alado en los prop\u00f3sitos, marcados claramente en la iniciativa original que ser\u00e1 no s\u00f3lo discutida sino modificada, de acuerdo con los resultados de los debates populares previos a la discusi\u00f3n parlamentaria, de tal manera que cuando llegue al Congreso contenga las ideas de buena parte de la poblaci\u00f3n que asistir\u00e1 a las mesas de trabajo a las que convoc\u00f3 el INE, adem\u00e1s de reiteradas invitaciones de Morena, de la Presidenta, de los legisladores del partido en el poder, etc.<\/span><\/p>\n<p style=\"text-align: justify; background: white;\"><span style=\"font-size: 18pt; font-family: arial, helvetica, sans-serif; color: #222222;\">Inventan pretextos para que la reforma electoral no llegue a buen fin, entre otros argumentos, se\u00f1alan que una reforma electoral verdaderamente democr\u00e1tica no puede provenir del poder sino de la oposici\u00f3n, de las minor\u00edas, cuando en realidad no se han dado cuenta que les beneficia la propuesta inicial, pero les golpea fuerte el hecho de que haya una reforma electoral porque su argumento de que M\u00e9xico vive en una dictadura se caer\u00eda.<\/span><\/p>\n<p style=\"text-align: justify; background: white;\"><span style=\"font-size: 18pt; font-family: arial, helvetica, sans-serif; color: #222222;\">Porque no hay dictadura en el mundo que convoque a la sociedad a dise\u00f1ar una reforma electoral. La derecha en M\u00e9xico tiene como pretexto la existencia del autoritarismo en M\u00e9xico para poder comunicarse con organismos internacionales a los que acuden los conservadores para acusar represi\u00f3n y falta de libertad de expresi\u00f3n, cuando en realidad nunca antes ha habido tanta libertad para criticar, insultar, denostar, pero cuando se quiere ejercer el derecho a la r\u00e9plica acusan violaci\u00f3n a los derechos humanos.<\/span><\/p>\n<p style=\"text-align: justify; background: white;\"><span style=\"font-size: 18pt; font-family: arial, helvetica, sans-serif; color: #222222;\">Por si fuera poco, piden que haya rendici\u00f3n de cuentas de gastos ocasionados por la reforma electoral.<\/span><\/p>\n<p style=\"text-align: justify; background: white;\"><span style=\"font-size: 18pt; font-family: arial, helvetica, sans-serif; color: #222222;\">Pero no esconden sus verdaderas preocupaciones como exhibir su contrariedad ante la reforma al Poder Judicial, al cual dicen le hace falta robustecer su independencia. Esto quiere decir que adivinan el futuro y ven en su bola de cristal, que a los jueces, ministros y magistrados les har\u00e1 falta separarse del poder. Los nuevos elementos entran en funciones el 1 de septiembre, y hasta el momento no hay muestra de dependencia o sumisi\u00f3n hacia ningunos de los otros dos poderes.<\/span><\/p>\n<p style=\"text-align: justify; background: white;\"><span style=\"font-size: 18pt; font-family: arial, helvetica, sans-serif; color: #222222;\">\u201cA nuestro llamado se han sumado muchas m\u00e1s voces. Esta adhesi\u00f3n, amplia y diversa, confirma que la exigencia de una reforma construida con respeto y deliberaci\u00f3n no es un asunto exclusivo del poder: es una demanda nacional creciente en la que debemos estar incluidos todos\u201d, afirmaron.<\/span><\/p>\n<p style=\"text-align: justify; background: white;\"><span style=\"font-size: 18pt; font-family: arial, helvetica, sans-serif; color: #222222;\">Son 270 personas que se dicen representar al pa\u00eds entero, en un delirio que los coloca m\u00e1s en el drama pol\u00edtico que en la comedia medi\u00e1tica.<\/span><\/p>\n<p style=\"text-align: justify; background: white;\"><span style=\"font-size: 18pt; font-family: arial, helvetica, sans-serif; color: #222222;\">El pueblo de M\u00e9xico apoya una reforma por dem\u00e1s urgente. La oposici\u00f3n disfrazada de sociedad civil, est\u00e1 desesperada por no ser mayor\u00eda.<\/span><\/p>\n","protected":false},"excerpt":{"rendered":"<p>-Ex militantes de partidos, ex consejeros, ex funcionarios, ex candidatas, ex par\u00e1sitos contra los cambios Por \u00c1ngel \u00c1lvaro Pe\u00f1a Pocos<\/p>\n","protected":false},"author":4,"featured_media":69464,"comment_status":"closed","ping_status":"closed","sticky":false,"template":"","format":"standard","meta":{"colormag_page_container_layout":"default_layout","colormag_page_sidebar_layout":"default_layout","_jetpack_memberships_contains_paid_content":false,"footnotes":"","jetpack_publicize_message":"","jetpack_publicize_feature_enabled":true,"jetpack_social_post_already_shared":true,"jetpack_social_options":{"image_generator_settings":{"template":"highway","default_image_id":0,"font":"","enabled":false},"version":2}},"categories":[26],"tags":[],"class_list":["post-69463","post","type-post","status-publish","format-standard","has-post-thumbnail","hentry","category-columnistas"],"jetpack_publicize_connections":[],"jetpack_featured_media_url":"https:\/\/i0.wp.com\/politicosaldesnudo.com.mx\/wp-content\/uploads\/2025\/08\/CARTA-CONTRA-LA-DEM-scaled.jpg?fit=2560%2C1675&ssl=1","jetpack-related-posts":[],"jetpack_sharing_enabled":true,"_links":{"self":[{"href":"https:\/\/politicosaldesnudo.com.mx\/index.php\/wp-json\/wp\/v2\/posts\/69463","targetHints":{"allow":["GET"]}}],"collection":[{"href":"https:\/\/politicosaldesnudo.com.mx\/index.php\/wp-json\/wp\/v2\/posts"}],"about":[{"href":"https:\/\/politicosaldesnudo.com.mx\/index.php\/wp-json\/wp\/v2\/types\/post"}],"author":[{"embeddable":true,"href":"https:\/\/politicosaldesnudo.com.mx\/index.php\/wp-json\/wp\/v2\/users\/4"}],"replies":[{"embeddable":true,"href":"https:\/\/politicosaldesnudo.com.mx\/index.php\/wp-json\/wp\/v2\/comments?post=69463"}],"version-history":[{"count":0,"href":"https:\/\/politicosaldesnudo.com.mx\/index.php\/wp-json\/wp\/v2\/posts\/69463\/revisions"}],"wp:featuredmedia":[{"embeddable":true,"href":"https:\/\/politicosaldesnudo.com.mx\/index.php\/wp-json\/wp\/v2\/media\/69464"}],"wp:attachment":[{"href":"https:\/\/politicosaldesnudo.com.mx\/index.php\/wp-json\/wp\/v2\/media?parent=69463"}],"wp:term":[{"taxonomy":"category","embeddable":true,"href":"https:\/\/politicosaldesnudo.com.mx\/index.php\/wp-json\/wp\/v2\/categories?post=69463"},{"taxonomy":"post_tag","embeddable":true,"href":"https:\/\/politicosaldesnudo.com.mx\/index.php\/wp-json\/wp\/v2\/tags?post=69463"}],"curies":[{"name":"wp","href":"https:\/\/api.w.org\/{rel}","templated":true}]}}