{"id":69466,"date":"2025-08-25T01:07:07","date_gmt":"2025-08-25T07:07:07","guid":{"rendered":"https:\/\/politicosaldesnudo.com.mx\/?p=69466"},"modified":"2025-08-25T01:07:07","modified_gmt":"2025-08-25T07:07:07","slug":"impulso-al-norte-de-veracruz","status":"publish","type":"post","link":"https:\/\/politicosaldesnudo.com.mx\/index.php\/2025\/08\/25\/impulso-al-norte-de-veracruz\/","title":{"rendered":"Impulso al norte de Veracruz"},"content":{"rendered":"<p><span style=\"font-family: arial, helvetica, sans-serif; font-size: 18pt;\"><strong>ALMA GRANDE<\/strong><\/span><\/p>\n<p><span style=\"font-family: arial, helvetica, sans-serif; font-size: 18pt;\"><strong>Por \u00c1ngel \u00c1lvaro Pe\u00f1a<\/strong><\/span><\/p>\n<p><span style=\"font-family: arial, helvetica, sans-serif; font-size: 14pt;\">En una visita sin precedente con prop\u00f3sitos a\u00fan m\u00e1s novedosos, los integrantes del Consejo Coordinador Empresarial del Norte de Veracruz, trabajaron conjuntamente con el secretario de Desarrollo Econ\u00f3mico y Portuario, Ernesto P\u00e9rez Astorga, y el secretario de gobierno de Veracruz, Ricardo Ahued Bardahuil, en la ciudad de Xalapa, para crear una coordinaci\u00f3n de actividades que fortalezcan el potencial productivo de la regi\u00f3n.<\/span><\/p>\n<p><span style=\"font-family: arial, helvetica, sans-serif; font-size: 14pt;\">Esta reuni\u00f3n tiene dos puntos de partida que confluyen en beneficio no s\u00f3lo de la unidad de los veracruzanos sino de elevar su nivel de vida, porque por un lado la disposici\u00f3n del gobierno que encabeza la ingeniera Roc\u00edo Nahle Garc\u00eda, quien no asisti\u00f3 a ninguna de las dos reuniones, a pesar de que una veintena de empresarios de la regi\u00f3n norte del estado, ten\u00edan la esperanza de platicar personalmente con ella.<\/span><\/p>\n<p><span style=\"font-family: arial, helvetica, sans-serif; font-size: 14pt;\">El incremento de la inversi\u00f3n en M\u00e9xico, tanto nacional como extranjera, encuentra en las transformaciones certeza al dar un giro de 180 grados la aplicaci\u00f3n de la justicia, que ofrece mayor rigidez y transparencia en la normatividad y relaciones internas de la vida productiva de M\u00e9xico.<\/span><\/p>\n<p><span style=\"font-family: arial, helvetica, sans-serif; font-size: 14pt;\">Andr\u00e9s Manuel L\u00f3pez Obrador, advirti\u00f3 la necesidad de transformar al Poder Judicial, por sus vicios arraigados en sus pr\u00e1cticas y promovi\u00f3 la certidumbre en los inversionistas en todo el pa\u00eds.<\/span><\/p>\n<p><span style=\"font-family: arial, helvetica, sans-serif; font-size: 14pt;\">Proyecto que consolid\u00f3 la Presidenta Claudia Sheinbaum con la precisi\u00f3n en la estrategia que le caracteriza y la determinaci\u00f3n firme y digna.<\/span><\/p>\n<p><span style=\"font-family: arial, helvetica, sans-serif; font-size: 14pt;\">Por a\u00f1os se manten\u00eda cautelosa, tanto la parte empresarial, como la que corresponde al gobierno, que requer\u00eda medidas concretas y transparentes para impulsar la inversi\u00f3n, y respeto a las leyes del lado del gobierno.<\/span><\/p>\n<p><span style=\"font-family: arial, helvetica, sans-serif; font-size: 14pt;\">Nunca se hab\u00eda visto una coordinaci\u00f3n de dimensiones regionales que implican a otras agrupaciones de empresarios, el Consejo Coordinador Empresarial agrupa diferentes \u00e1reas de la productividad en el pa\u00eds.<\/span><\/p>\n<p><span style=\"font-family: arial, helvetica, sans-serif; font-size: 14pt;\">Como parte de la estrategia para apoyar a la industria nacional, ante la nueva pol\u00edtica comercial internacional y nacional, el sector privado lanz\u00f3 la campa\u00f1a \u201cLo\u00a0<a href=\"https:\/\/www.eluniversal.com.mx\/cartera\/arancel-a-calzado-chino-apoyara-a-produccion-nacional-panam-marca-mexicana-resiste-competencia-internacional-y-plataformas\/\">Hecho en M\u00e9xico<\/a>\u00a0est\u00e1 mejor hecho\u201d.<\/span><\/p>\n<p><span style=\"font-family: arial, helvetica, sans-serif; font-size: 14pt;\">El objetivo de 30 empresas que financian la campa\u00f1a es \u201cdespertar el orgullo de ser mexicanos, resaltar la calidad de lo que producimos y llamar a los consumidores a preferir lo Hecho en\u00a0<a href=\"https:\/\/www.eluniversal.com.mx\/metropoli\/a-un-ano-del-mundial-el-cetram-huipulco-esta-descuidado\/\">M\u00e9xico<\/a>\u201d, dijo el presidente del Consejo Coordinador Empresarial, Francisco Cervantes.<\/span><\/p>\n<p><span style=\"font-family: arial, helvetica, sans-serif; font-size: 14pt;\">El Consejo Coordinador Empresarial afilia a 14 asociaciones de empresarios en todo el pa\u00eds, como Concam\u00edn, Concanaco Servytur, Coparmex, Consejo Mexicano de Negocios, Consejo Nacional Agropecuario, Asociaci\u00f3n Mexicana de Instituciones de Seguros, Canacintra, entre otras.<\/span><\/p>\n<p><span style=\"font-family: arial, helvetica, sans-serif; font-size: 14pt;\">Estos organismos contienen 2,000 asociaciones y empresas, que mantienen valor de alrededor del 80 por ciento del Producto Interno Bruto del pa\u00eds.<\/span><\/p>\n<p><span style=\"font-family: arial, helvetica, sans-serif; font-size: 14pt;\">Por lo que en cada regi\u00f3n re\u00fane una serie de visiones diferentes de transformaci\u00f3n y en la zona norte de Veracruz hay un verdadero tesoro sin explotar en diferentes aspectos, que van desde el turismo, la cultura, los deportes, la energ\u00eda, la cercan\u00eda con puertos de principal importancia mundial.<\/span><\/p>\n<p><span style=\"font-family: arial, helvetica, sans-serif; font-size: 14pt;\">A unos d\u00edas de que entre en funciones el nuevo Poder Judicial, la iniciativa privada ha sostenido reuniones con los nuevos ministros y ministras, como parte de la unidad entre todas las fuerzas sociales del pa\u00eds.<\/span><\/p>\n<p><span style=\"font-family: arial, helvetica, sans-serif; font-size: 14pt;\">En enero de 2025, el Consejo Coordinador Empresarial del Norte de Veracruz llev\u00f3 a cabo en Poza Rica, Veracruz, el primer acercamiento con el actual gobierno estatal, donde se presentaron estrategias econ\u00f3micas, enfocadas en Diversificaci\u00f3n industrial, Reconfiguraci\u00f3n de pol\u00edticas p\u00fablicas regionales, Propuestas para mejorar el acceso a energ\u00eda el\u00e9ctrica, Adecuaciones urbanas para hospedar parques industriales, etc.<\/span><\/p>\n<p><span style=\"font-family: arial, helvetica, sans-serif; font-size: 14pt;\">Represent\u00f3 al gobierno estatal el Lic. Jos\u00e9 Manuel Pozos Castro, subsecretario de Gobierno del estado. El subsecretario de Gobierno, Jos\u00e9 Manuel Pozos Castro, reafirm\u00f3 el compromiso del gobierno estatal con el desarrollo econ\u00f3mico de la regi\u00f3n norte, destacando proyectos portuarios, de infraestructura y transporte.<\/span><\/p>\n<p><span style=\"font-family: arial, helvetica, sans-serif; font-size: 14pt;\">Debe resaltarse que la reuni\u00f3n anterior de los empresarios, que empez\u00f3 como un acercamiento a las autoridades estatales, vuelva a reunirse, lo cual muestra una confianza mutua, por lo que sirvi\u00f3 de plataforma de despegue para una etapa de transformaci\u00f3n.<\/span><\/p>\n<p><span style=\"font-family: arial, helvetica, sans-serif; font-size: 14pt;\">La coincidencia en trabajos y objetivos habla de allanar el camino del desarrollo de gobierno y empresariado, con la certeza que desaparece riesgos en su inversi\u00f3n, con la normatividad que toda inversi\u00f3n exige para el progreso de la regi\u00f3n, del estado y del pa\u00eds.<\/span><\/p>\n<p><span style=\"font-family: arial, helvetica, sans-serif; font-size: 14pt;\">Los verdaderos empresarios mexicanos no s\u00f3lo se quedan en M\u00e9xico con sus capitales sino que trabajan, como nunca antes, por el pa\u00eds.<\/span><\/p>\n<p><span style=\"font-family: arial, helvetica, sans-serif; font-size: 14pt;\">Por parte del Consejo Coordinador Empresarial estuvieron presente adem\u00e1s del secretario de Gobierno, Ricardo Ahued, Norberto Rodr\u00edguez Avil\u00e9s, Presidente del Consejo Coordinador Empresarial del Norte de Veracruz, \u00fanico orador en el evento, quien destac\u00f3: \u201cCon el prop\u00f3sito de impulsar el desarrollo sostenible del Norte de Veracruz, las 18 C\u00e1maras y Organismos Empresariales del Norte del Estado que conforman el CCENV, le manifestamos a usted, estimado Ernesto P\u00e9rez Astorga, que el conjunto de circunstancias que transitamos, hacen inaplazable que personajes de su calibre asuman el liderazgo social y pol\u00edtico para encabezar con amplio consenso, el dise\u00f1o y la construcci\u00f3n del Desarrollo Regional que los NorVeracruzanos nos merecemos, lo que amerita en primera instancia el trazo de una estrategia y un plan a largo plazo\u201d.<\/span><\/p>\n<p><span style=\"font-family: arial, helvetica, sans-serif; font-size: 14pt;\">Otros de los empresarios que asistieron fueron: Bernardo Mart\u00ednez R\u00edos, Presidente del Consejo Coordinador Empresarial Metropolitano Xalapa; Cecilia del Roc\u00edo Uresti Villegas, Presidenta de la Asociaci\u00f3n de Hoteles, Moteles y Prestadores de Servicios Tur\u00edsticos de la Regi\u00f3n Totonaca; Javier Guti\u00e9rrez Larotta, Secretario del CCENV; Iv\u00e1n Garc\u00e9s G\u00f3mez, Presidente de la Delegaci\u00f3n CANACO ServyTur \u00c1lamo: Ra\u00fal Pati\u00f1o Blanco, Presidente de CANACO ServyTur Tuxpan; Carla Claudia Reyna Ledezma, Presidenta de CANACO ServyTurPoza Rica; Oscar Salustio Ram\u00edrez G\u00f3mez, CANACO ServyTur Papantla; Gregorio Zapata Miranda, Presidente de CANACINTRA Poza Tuxpan; Francisco Reynoso Farias, Presidente de CMIC del Norte de Veracruz; Daniel Caballero Pineda, Presidente del Colegio de Ingenieros Civiles de Poza Rica y miembro del Consejo Consultivo de CMIC; Juan Carlos Becerra Russi, Presidente del Consejo de Empresas y Desarrollo Tur\u00edstico de Tecolutla.<\/span><\/p>\n<p><span style=\"font-family: arial, helvetica, sans-serif; font-size: 14pt;\">Finalmente, las reglas est\u00e1n muy claras para el crecimiento, el fortalecimiento del empresariado del norte de Veracruz, esta reuni\u00f3n marca el inicio de una fuente de progreso que no detendr\u00e1 su marcha.<\/span><\/p>\n<p><span style=\"font-family: arial, helvetica, sans-serif; font-size: 14pt;\"><strong>PEGA Y CORRE.-<\/strong> La presidenta de M\u00e9xico, Claudia Sheinbaum, anunci\u00f3 que las Farmacias del Bienestar comenzar\u00e1n a operar en septiembre\u2026Esta columna se publica los lunes, mi\u00e9rcoles y viernes.<\/span><\/p>\n<p><img data-recalc-dims=\"1\" loading=\"lazy\" decoding=\"async\" class=\"aligncenter size-full wp-image-69383\" src=\"https:\/\/i0.wp.com\/politicosaldesnudo.com.mx\/wp-content\/uploads\/2025\/08\/FIRMA-EDITORIAL-PD-6.jpg?resize=800%2C98&#038;ssl=1\" alt=\"\" width=\"800\" height=\"98\" srcset=\"https:\/\/i0.wp.com\/politicosaldesnudo.com.mx\/wp-content\/uploads\/2025\/08\/FIRMA-EDITORIAL-PD-6.jpg?w=1024&amp;ssl=1 1024w, https:\/\/i0.wp.com\/politicosaldesnudo.com.mx\/wp-content\/uploads\/2025\/08\/FIRMA-EDITORIAL-PD-6.jpg?resize=300%2C37&amp;ssl=1 300w, https:\/\/i0.wp.com\/politicosaldesnudo.com.mx\/wp-content\/uploads\/2025\/08\/FIRMA-EDITORIAL-PD-6.jpg?resize=768%2C94&amp;ssl=1 768w\" sizes=\"auto, (max-width: 800px) 100vw, 800px\" \/><\/p>\n","protected":false},"excerpt":{"rendered":"<p>ALMA GRANDE Por \u00c1ngel \u00c1lvaro Pe\u00f1a En una visita sin precedente con prop\u00f3sitos a\u00fan m\u00e1s novedosos, los integrantes del Consejo<\/p>\n","protected":false},"author":4,"featured_media":69467,"comment_status":"closed","ping_status":"closed","sticky":false,"template":"","format":"standard","meta":{"colormag_page_container_layout":"default_layout","colormag_page_sidebar_layout":"default_layout","_jetpack_memberships_contains_paid_content":false,"footnotes":"","jetpack_publicize_message":"","jetpack_publicize_feature_enabled":true,"jetpack_social_post_already_shared":true,"jetpack_social_options":{"image_generator_settings":{"template":"highway","default_image_id":0,"font":"","enabled":false},"version":2}},"categories":[26],"tags":[],"class_list":["post-69466","post","type-post","status-publish","format-standard","has-post-thumbnail","hentry","category-columnistas"],"jetpack_publicize_connections":[],"jetpack_featured_media_url":"https:\/\/i0.wp.com\/politicosaldesnudo.com.mx\/wp-content\/uploads\/2025\/08\/BANNER-LOPEZ-DORIGA-DIGITAL-3.jpg?fit=800%2C445&ssl=1","jetpack-related-posts":[],"jetpack_sharing_enabled":true,"_links":{"self":[{"href":"https:\/\/politicosaldesnudo.com.mx\/index.php\/wp-json\/wp\/v2\/posts\/69466","targetHints":{"allow":["GET"]}}],"collection":[{"href":"https:\/\/politicosaldesnudo.com.mx\/index.php\/wp-json\/wp\/v2\/posts"}],"about":[{"href":"https:\/\/politicosaldesnudo.com.mx\/index.php\/wp-json\/wp\/v2\/types\/post"}],"author":[{"embeddable":true,"href":"https:\/\/politicosaldesnudo.com.mx\/index.php\/wp-json\/wp\/v2\/users\/4"}],"replies":[{"embeddable":true,"href":"https:\/\/politicosaldesnudo.com.mx\/index.php\/wp-json\/wp\/v2\/comments?post=69466"}],"version-history":[{"count":0,"href":"https:\/\/politicosaldesnudo.com.mx\/index.php\/wp-json\/wp\/v2\/posts\/69466\/revisions"}],"wp:featuredmedia":[{"embeddable":true,"href":"https:\/\/politicosaldesnudo.com.mx\/index.php\/wp-json\/wp\/v2\/media\/69467"}],"wp:attachment":[{"href":"https:\/\/politicosaldesnudo.com.mx\/index.php\/wp-json\/wp\/v2\/media?parent=69466"}],"wp:term":[{"taxonomy":"category","embeddable":true,"href":"https:\/\/politicosaldesnudo.com.mx\/index.php\/wp-json\/wp\/v2\/categories?post=69466"},{"taxonomy":"post_tag","embeddable":true,"href":"https:\/\/politicosaldesnudo.com.mx\/index.php\/wp-json\/wp\/v2\/tags?post=69466"}],"curies":[{"name":"wp","href":"https:\/\/api.w.org\/{rel}","templated":true}]}}