{"id":69473,"date":"2025-08-26T00:01:59","date_gmt":"2025-08-26T06:01:59","guid":{"rendered":"https:\/\/politicosaldesnudo.com.mx\/?p=69473"},"modified":"2025-08-25T20:29:36","modified_gmt":"2025-08-26T02:29:36","slug":"promueve-dif-cortes-de-cabello-gratis","status":"publish","type":"post","link":"https:\/\/politicosaldesnudo.com.mx\/index.php\/2025\/08\/26\/promueve-dif-cortes-de-cabello-gratis\/","title":{"rendered":"Promueve DIF cortes de cabello gratis"},"content":{"rendered":"<p>Con el prop\u00f3sito de apoyar la econom\u00eda de las familias y brindar a los estudiantes la oportunidad de iniciar el ciclo escolar con la mejor imagen y seguridad personal, el Sistema DIF Tuxpan, en coordinaci\u00f3n con la Defensa y el Centro de Seguridad Social del IMSS, anunci\u00f3 la puesta en marcha de la campa\u00f1a de cortes de cabello gratuitos para ni\u00f1as, ni\u00f1os y j\u00f3venes.<\/p>\n<p>La jornada se llevar\u00e1 a cabo del 25 al 29 de agosto, en un horario de 9:00 de la ma\u00f1ana a 2:00 de la tarde, en el Sal\u00f3n de Belleza del DIF Tuxpan. Cabe se\u00f1alar que la atenci\u00f3n ser\u00e1 exclusivamente para estudiantes, ya que la iniciativa est\u00e1 enfocada en apoyar a quienes est\u00e1n por regresar a las aulas.<\/p>\n<p>Los organizadores destacaron que este tipo de acciones no solo representa un alivio en los gastos familiares, sino que tambi\u00e9n ayuda a que las y los j\u00f3venes se presenten a la escuela con mayor confianza y autoestima, factores importantes para su desarrollo acad\u00e9mico y social.<\/p>\n<p>Asimismo, se hizo un llamado a los padres y madres de familia para que acudan con puntualidad, ya que el cupo es limitado cada d\u00eda y la demanda suele ser alta en este tipo de campa\u00f1as.<\/p>\n<p>Con este esfuerzo, el DIF Tuxpan refrenda su compromiso de trabajar de la mano con distintas instituciones para llevar programas de beneficio directo a la ciudadan\u00eda, priorizando siempre el bienestar de la ni\u00f1ez y la juventud\u00a0tuxpe\u00f1a.<\/p>\n","protected":false},"excerpt":{"rendered":"<p>Con el prop\u00f3sito de apoyar la econom\u00eda de las familias y brindar a los estudiantes la oportunidad de iniciar el<\/p>\n","protected":false},"author":4,"featured_media":69474,"comment_status":"closed","ping_status":"closed","sticky":false,"template":"","format":"standard","meta":{"colormag_page_container_layout":"default_layout","colormag_page_sidebar_layout":"default_layout","_jetpack_memberships_contains_paid_content":false,"footnotes":"","jetpack_publicize_message":"","jetpack_publicize_feature_enabled":true,"jetpack_social_post_already_shared":true,"jetpack_social_options":{"image_generator_settings":{"template":"highway","default_image_id":0,"font":"","enabled":false},"version":2}},"categories":[1082],"tags":[],"class_list":["post-69473","post","type-post","status-publish","format-standard","has-post-thumbnail","hentry","category-tuxpan"],"jetpack_publicize_connections":[],"jetpack_featured_media_url":"https:\/\/i0.wp.com\/politicosaldesnudo.com.mx\/wp-content\/uploads\/2025\/08\/CO-1.jpg?fit=800%2C596&ssl=1","jetpack-related-posts":[],"jetpack_sharing_enabled":true,"_links":{"self":[{"href":"https:\/\/politicosaldesnudo.com.mx\/index.php\/wp-json\/wp\/v2\/posts\/69473","targetHints":{"allow":["GET"]}}],"collection":[{"href":"https:\/\/politicosaldesnudo.com.mx\/index.php\/wp-json\/wp\/v2\/posts"}],"about":[{"href":"https:\/\/politicosaldesnudo.com.mx\/index.php\/wp-json\/wp\/v2\/types\/post"}],"author":[{"embeddable":true,"href":"https:\/\/politicosaldesnudo.com.mx\/index.php\/wp-json\/wp\/v2\/users\/4"}],"replies":[{"embeddable":true,"href":"https:\/\/politicosaldesnudo.com.mx\/index.php\/wp-json\/wp\/v2\/comments?post=69473"}],"version-history":[{"count":0,"href":"https:\/\/politicosaldesnudo.com.mx\/index.php\/wp-json\/wp\/v2\/posts\/69473\/revisions"}],"wp:featuredmedia":[{"embeddable":true,"href":"https:\/\/politicosaldesnudo.com.mx\/index.php\/wp-json\/wp\/v2\/media\/69474"}],"wp:attachment":[{"href":"https:\/\/politicosaldesnudo.com.mx\/index.php\/wp-json\/wp\/v2\/media?parent=69473"}],"wp:term":[{"taxonomy":"category","embeddable":true,"href":"https:\/\/politicosaldesnudo.com.mx\/index.php\/wp-json\/wp\/v2\/categories?post=69473"},{"taxonomy":"post_tag","embeddable":true,"href":"https:\/\/politicosaldesnudo.com.mx\/index.php\/wp-json\/wp\/v2\/tags?post=69473"}],"curies":[{"name":"wp","href":"https:\/\/api.w.org\/{rel}","templated":true}]}}