{"id":69476,"date":"2025-08-26T00:02:37","date_gmt":"2025-08-26T06:02:37","guid":{"rendered":"https:\/\/politicosaldesnudo.com.mx\/?p=69476"},"modified":"2025-08-25T20:31:04","modified_gmt":"2025-08-26T02:31:04","slug":"refuerzan-orden-vial","status":"publish","type":"post","link":"https:\/\/politicosaldesnudo.com.mx\/index.php\/2025\/08\/26\/refuerzan-orden-vial\/","title":{"rendered":"Refuerzan orden vial"},"content":{"rendered":"<p>El \u00e1rea de Tr\u00e1nsito y Vialidad Municipal intensific\u00f3 la atenci\u00f3n a las quejas de la ciudadan\u00eda sobre la presencia de veh\u00edculos \u201cmaceta\u201d, es decir, autom\u00f3viles abandonados en la v\u00eda p\u00fablica que con el paso del tiempo se convierten en focos de contaminaci\u00f3n y riesgos para la poblaci\u00f3n.<\/p>\n<p>De acuerdo con el director de la dependencia, Jos\u00e9 Manuel Guti\u00e9rrez Leal, este tipo de unidades no s\u00f3lo afectan la movilidad y el libre tr\u00e1nsito, sino que tambi\u00e9n deterioran calles y banquetas, adem\u00e1s de propiciar el crecimiento de maleza y la aparici\u00f3n de fauna nociva, como roedores e insectos, que ponen en riesgo la salud de las familias.<\/p>\n<p>El funcionario destac\u00f3 que la presencia de estos veh\u00edculos abandonados genera adem\u00e1s un mal aspecto en las colonias y avenidas, lo que perjudica la imagen urbana de la ciudad y en algunos casos hasta se convierten en espacios inseguros.<\/p>\n<p>Por ello, Tr\u00e1nsito y Vialidad Municipal hace un llamado a los tuxpe\u00f1os para que presenten sus quejas y denuncias de manera formal, ya que esto permite a la autoridad contar con los elementos necesarios para proceder con el retiro de las unidades.<\/p>\n<p>\u201cNecesitamos que la ciudadan\u00eda participe. Cuando nos hacen llegar el reporte, podemos actuar de inmediato. El objetivo es recuperar los espacios p\u00fablicos y evitar que estos veh\u00edculos sigan generando problemas\u201d, se\u00f1al\u00f3 Guti\u00e9rrez Leal.<\/p>\n<p>Con estas acciones, la dependencia busca reforzar el ordenamiento vial, la limpieza de los espacios p\u00fablicos y contribuir al mejoramiento de la imagen urbana de Tuxpan, sumando esfuerzos entre sociedad\u00a0y\u00a0gobierno.<\/p>\n","protected":false},"excerpt":{"rendered":"<p>El \u00e1rea de Tr\u00e1nsito y Vialidad Municipal intensific\u00f3 la atenci\u00f3n a las quejas de la ciudadan\u00eda sobre la presencia de<\/p>\n","protected":false},"author":4,"featured_media":69477,"comment_status":"closed","ping_status":"closed","sticky":false,"template":"","format":"standard","meta":{"colormag_page_container_layout":"default_layout","colormag_page_sidebar_layout":"default_layout","_jetpack_memberships_contains_paid_content":false,"footnotes":"","jetpack_publicize_message":"","jetpack_publicize_feature_enabled":true,"jetpack_social_post_already_shared":true,"jetpack_social_options":{"image_generator_settings":{"template":"highway","default_image_id":0,"font":"","enabled":false},"version":2}},"categories":[1082],"tags":[],"class_list":["post-69476","post","type-post","status-publish","format-standard","has-post-thumbnail","hentry","category-tuxpan"],"jetpack_publicize_connections":[],"jetpack_featured_media_url":"https:\/\/i0.wp.com\/politicosaldesnudo.com.mx\/wp-content\/uploads\/2025\/08\/ORVI.jpg?fit=1200%2C675&ssl=1","jetpack-related-posts":[],"jetpack_sharing_enabled":true,"_links":{"self":[{"href":"https:\/\/politicosaldesnudo.com.mx\/index.php\/wp-json\/wp\/v2\/posts\/69476","targetHints":{"allow":["GET"]}}],"collection":[{"href":"https:\/\/politicosaldesnudo.com.mx\/index.php\/wp-json\/wp\/v2\/posts"}],"about":[{"href":"https:\/\/politicosaldesnudo.com.mx\/index.php\/wp-json\/wp\/v2\/types\/post"}],"author":[{"embeddable":true,"href":"https:\/\/politicosaldesnudo.com.mx\/index.php\/wp-json\/wp\/v2\/users\/4"}],"replies":[{"embeddable":true,"href":"https:\/\/politicosaldesnudo.com.mx\/index.php\/wp-json\/wp\/v2\/comments?post=69476"}],"version-history":[{"count":0,"href":"https:\/\/politicosaldesnudo.com.mx\/index.php\/wp-json\/wp\/v2\/posts\/69476\/revisions"}],"wp:featuredmedia":[{"embeddable":true,"href":"https:\/\/politicosaldesnudo.com.mx\/index.php\/wp-json\/wp\/v2\/media\/69477"}],"wp:attachment":[{"href":"https:\/\/politicosaldesnudo.com.mx\/index.php\/wp-json\/wp\/v2\/media?parent=69476"}],"wp:term":[{"taxonomy":"category","embeddable":true,"href":"https:\/\/politicosaldesnudo.com.mx\/index.php\/wp-json\/wp\/v2\/categories?post=69476"},{"taxonomy":"post_tag","embeddable":true,"href":"https:\/\/politicosaldesnudo.com.mx\/index.php\/wp-json\/wp\/v2\/tags?post=69476"}],"curies":[{"name":"wp","href":"https:\/\/api.w.org\/{rel}","templated":true}]}}