{"id":69518,"date":"2025-08-26T00:16:08","date_gmt":"2025-08-26T06:16:08","guid":{"rendered":"https:\/\/politicosaldesnudo.com.mx\/?p=69518"},"modified":"2025-08-25T21:34:43","modified_gmt":"2025-08-26T03:34:43","slug":"por-falta-de-pago-a-empleados-rescinden-contrato-a-empresa-de-limpieza-de-hospitales-en-veracruz","status":"publish","type":"post","link":"https:\/\/politicosaldesnudo.com.mx\/index.php\/2025\/08\/26\/por-falta-de-pago-a-empleados-rescinden-contrato-a-empresa-de-limpieza-de-hospitales-en-veracruz\/","title":{"rendered":"Por falta de pago a empleados, rescinden contrato a empresa de limpieza de hospitales en Veracruz"},"content":{"rendered":"<p class=\"nota-justify\">La Gobernadora de Veracruz, Roc\u00edo Nahle Garc\u00eda, anunci\u00f3 que el contrato de la empresa Limpieza Especializada Industrial Hospitalaria (LEIH) ser\u00e1 rescindido luego de que los empleados de esta denunciaron falta de pago de salarios y prestaciones.<\/p>\n<p class=\"nota-justify\">La mandataria dijo que ante el cambio que se hizo para la integraci\u00f3n de hospitales y otras \u00e1reas del estado al IMSS Bienestar, se le otorg\u00f3 una pr\u00f3rroga a LEIH para seguir dando el servicio de limpieza, sin embargo la misma concluye en el mes de agosto.<\/p>\n<p class=\"nota-justify\">A\u00f1adi\u00f3 que tras las manifestaciones, que dejaron sin servicios de limpieza a varios hospitales en Veracruz, solicit\u00f3 a la federaci\u00f3n que se revisara la situaci\u00f3n y se tomar\u00e1n acciones.<\/p>\n<p class=\"nota-justify\">\u201cEstaba el proceso de recepci\u00f3n, de transici\u00f3n y esta empresa ya estaba trabajando, se le dio una pr\u00f3rroga, (\u2026) para que lograran terminar, mientras que el IMSS Bienestar se reestructuraba\u201d, coment\u00f3.<\/p>\n<p class=\"nota-justify\">\u201cA ra\u00edz de los hechos dije, esta empresa no est\u00e1 cumpliendo, no le est\u00e1 pagando a los trabajadores, no est\u00e1n en las condiciones \u00f3ptimas\u201d, a\u00f1adi\u00f3.<\/p>\n<p class=\"nota-justify\">Cabe recordar que LEIH emplea a m\u00e1s de 3 mil personas en hospitales, centros de salud y jurisdicciones sanitarias de Veracruz, quienes durante m\u00e1s de 48 horas mantuvieron un paro de brazos ca\u00eddos durante la semana pasada.<\/p>\n<p class=\"nota-justify\">LEIH justificaba el incumplimiento de los salarios al decir que el gobierno no hab\u00eda cubierto los pagos correspondientes y por ello era imposible responder a sus empleados.<\/p>\n<p class=\"nota-justify\">Ante dicha situaci\u00f3n, la Gobernadora de Veracruz dijo que propuso al IMSS Bienestar que el servicio de limpieza se contrate directamente y no a trav\u00e9s de una empresa privada.<\/p>\n<p class=\"nota-justify\">\u201cYo les pido que analicen para que contraten directamente a los trabajadores y se compren los productos de limpieza y se haga por n\u00f3mina, que entren al tabulador\u201d,\u00a0 coment\u00f3.<\/p>\n","protected":false},"excerpt":{"rendered":"<p>La Gobernadora de Veracruz, Roc\u00edo Nahle Garc\u00eda, anunci\u00f3 que el contrato de la empresa Limpieza Especializada Industrial Hospitalaria (LEIH) ser\u00e1<\/p>\n","protected":false},"author":4,"featured_media":69519,"comment_status":"closed","ping_status":"closed","sticky":false,"template":"","format":"standard","meta":{"colormag_page_container_layout":"default_layout","colormag_page_sidebar_layout":"default_layout","_jetpack_memberships_contains_paid_content":false,"footnotes":"","jetpack_publicize_message":"","jetpack_publicize_feature_enabled":true,"jetpack_social_post_already_shared":true,"jetpack_social_options":{"image_generator_settings":{"template":"highway","default_image_id":0,"font":"","enabled":false},"version":2}},"categories":[30],"tags":[],"class_list":["post-69518","post","type-post","status-publish","format-standard","has-post-thumbnail","hentry","category-estados"],"jetpack_publicize_connections":[],"jetpack_featured_media_url":"https:\/\/i0.wp.com\/politicosaldesnudo.com.mx\/wp-content\/uploads\/2025\/08\/EMP.jpg?fit=767%2C566&ssl=1","jetpack-related-posts":[],"jetpack_sharing_enabled":true,"_links":{"self":[{"href":"https:\/\/politicosaldesnudo.com.mx\/index.php\/wp-json\/wp\/v2\/posts\/69518","targetHints":{"allow":["GET"]}}],"collection":[{"href":"https:\/\/politicosaldesnudo.com.mx\/index.php\/wp-json\/wp\/v2\/posts"}],"about":[{"href":"https:\/\/politicosaldesnudo.com.mx\/index.php\/wp-json\/wp\/v2\/types\/post"}],"author":[{"embeddable":true,"href":"https:\/\/politicosaldesnudo.com.mx\/index.php\/wp-json\/wp\/v2\/users\/4"}],"replies":[{"embeddable":true,"href":"https:\/\/politicosaldesnudo.com.mx\/index.php\/wp-json\/wp\/v2\/comments?post=69518"}],"version-history":[{"count":0,"href":"https:\/\/politicosaldesnudo.com.mx\/index.php\/wp-json\/wp\/v2\/posts\/69518\/revisions"}],"wp:featuredmedia":[{"embeddable":true,"href":"https:\/\/politicosaldesnudo.com.mx\/index.php\/wp-json\/wp\/v2\/media\/69519"}],"wp:attachment":[{"href":"https:\/\/politicosaldesnudo.com.mx\/index.php\/wp-json\/wp\/v2\/media?parent=69518"}],"wp:term":[{"taxonomy":"category","embeddable":true,"href":"https:\/\/politicosaldesnudo.com.mx\/index.php\/wp-json\/wp\/v2\/categories?post=69518"},{"taxonomy":"post_tag","embeddable":true,"href":"https:\/\/politicosaldesnudo.com.mx\/index.php\/wp-json\/wp\/v2\/tags?post=69518"}],"curies":[{"name":"wp","href":"https:\/\/api.w.org\/{rel}","templated":true}]}}