{"id":69521,"date":"2025-08-26T00:17:55","date_gmt":"2025-08-26T06:17:55","guid":{"rendered":"https:\/\/politicosaldesnudo.com.mx\/?p=69521"},"modified":"2025-08-25T21:39:03","modified_gmt":"2025-08-26T03:39:03","slug":"eu-ordena-mas-buques-en-el-mar-caribe-con-la-mira-en-carteles-de-la-droga","status":"publish","type":"post","link":"https:\/\/politicosaldesnudo.com.mx\/index.php\/2025\/08\/26\/eu-ordena-mas-buques-en-el-mar-caribe-con-la-mira-en-carteles-de-la-droga\/","title":{"rendered":"EU ordena m\u00e1s buques en el mar Caribe con la mira en c\u00e1rteles de la droga"},"content":{"rendered":"<p class=\"nota-justify\">Estados Unidos orden\u00f3 el env\u00edo de buques adicionales al sur del mar Caribe como parte de los esfuerzos del presidente Donald Trump para hacer frente a las amenazas de los c\u00e1rteles de la droga latinoamericanos, dijeron este lunes dos fuentes informadas sobre el despliegue.<\/p>\n<p class=\"nota-justify\">El Lake Erie, un crucero de misiles guiados, y el Newport News, un submarino nuclear de ataque r\u00e1pido, llegar\u00e1n a la regi\u00f3n a inicios de la pr\u00f3xima semana, dijeron las fuentes, que pidieron permanecer en el anonimato.<\/p>\n<p class=\"nota-justify\">Las fuentes no quisieron detallar la misi\u00f3n espec\u00edfica de los despliegues, pero han dicho que los recientes movimientos tienen por objeto hacer frente a las amenazas a la seguridad nacional de Estados Unidos procedentes de \u00aborganizaciones narcoterroristas\u00bb especialmente designadas en la regi\u00f3n.<\/p>\n<p class=\"nota-justify\">La semana pasada, fuentes informaron a Reuters que Estados Unidos hab\u00eda ordenado el env\u00edo de un escuadr\u00f3n anfibio al sur del Caribe como parte del mismo esfuerzo.<\/p>\n<p class=\"nota-justify\">El San Antonio, el Iwo Jima y el Fort Lauderdale deb\u00edan haber llegado a las cercan\u00edas de las costas de Venezuela ya el domingo. Los buques transportan a 4 mil 500 miembros del servicio, incluidos 2 mil 200 infantes de marina, dijeron las fuentes.<\/p>\n<p class=\"nota-justify\">Trump ha hecho de la represi\u00f3n de los c\u00e1rteles de la droga un objetivo central de su gobierno, parte de un esfuerzo m\u00e1s amplio para limitar la migraci\u00f3n y asegurar la frontera sur de Estados Unidos.<\/p>\n<p>En febrero, la administraci\u00f3n Trump design\u00f3 al C\u00e1rtel de Sinaloa de M\u00e9xico y a otras bandas de narcotraficantes, as\u00ed como al grupo criminal venezolano Tren de Aragua, como organizaciones terroristas globales, mientras el mandatario estadunidense intensificaba la aplicaci\u00f3n de la ley de inmigraci\u00f3n frente presuntos miembros de pandillas.<\/p>\n","protected":false},"excerpt":{"rendered":"<p>Estados Unidos orden\u00f3 el env\u00edo de buques adicionales al sur del mar Caribe como parte de los esfuerzos del presidente<\/p>\n","protected":false},"author":4,"featured_media":69522,"comment_status":"closed","ping_status":"closed","sticky":false,"template":"","format":"standard","meta":{"colormag_page_container_layout":"default_layout","colormag_page_sidebar_layout":"default_layout","_jetpack_memberships_contains_paid_content":false,"footnotes":"","jetpack_publicize_message":"","jetpack_publicize_feature_enabled":true,"jetpack_social_post_already_shared":true,"jetpack_social_options":{"image_generator_settings":{"template":"highway","default_image_id":0,"font":"","enabled":false},"version":2}},"categories":[28],"tags":[],"class_list":["post-69521","post","type-post","status-publish","format-standard","has-post-thumbnail","hentry","category-internacional"],"jetpack_publicize_connections":[],"jetpack_featured_media_url":"https:\/\/i0.wp.com\/politicosaldesnudo.com.mx\/wp-content\/uploads\/2025\/08\/BUQ.jpg?fit=775%2C488&ssl=1","jetpack-related-posts":[],"jetpack_sharing_enabled":true,"_links":{"self":[{"href":"https:\/\/politicosaldesnudo.com.mx\/index.php\/wp-json\/wp\/v2\/posts\/69521","targetHints":{"allow":["GET"]}}],"collection":[{"href":"https:\/\/politicosaldesnudo.com.mx\/index.php\/wp-json\/wp\/v2\/posts"}],"about":[{"href":"https:\/\/politicosaldesnudo.com.mx\/index.php\/wp-json\/wp\/v2\/types\/post"}],"author":[{"embeddable":true,"href":"https:\/\/politicosaldesnudo.com.mx\/index.php\/wp-json\/wp\/v2\/users\/4"}],"replies":[{"embeddable":true,"href":"https:\/\/politicosaldesnudo.com.mx\/index.php\/wp-json\/wp\/v2\/comments?post=69521"}],"version-history":[{"count":0,"href":"https:\/\/politicosaldesnudo.com.mx\/index.php\/wp-json\/wp\/v2\/posts\/69521\/revisions"}],"wp:featuredmedia":[{"embeddable":true,"href":"https:\/\/politicosaldesnudo.com.mx\/index.php\/wp-json\/wp\/v2\/media\/69522"}],"wp:attachment":[{"href":"https:\/\/politicosaldesnudo.com.mx\/index.php\/wp-json\/wp\/v2\/media?parent=69521"}],"wp:term":[{"taxonomy":"category","embeddable":true,"href":"https:\/\/politicosaldesnudo.com.mx\/index.php\/wp-json\/wp\/v2\/categories?post=69521"},{"taxonomy":"post_tag","embeddable":true,"href":"https:\/\/politicosaldesnudo.com.mx\/index.php\/wp-json\/wp\/v2\/tags?post=69521"}],"curies":[{"name":"wp","href":"https:\/\/api.w.org\/{rel}","templated":true}]}}