{"id":69527,"date":"2025-08-26T00:19:56","date_gmt":"2025-08-26T06:19:56","guid":{"rendered":"https:\/\/politicosaldesnudo.com.mx\/?p=69527"},"modified":"2025-08-25T21:45:20","modified_gmt":"2025-08-26T03:45:20","slug":"gobierno-de-trump-celebra-culpabilidad-de-el-mayo-como-triunfo-sin-precedente-contra-el-narco","status":"publish","type":"post","link":"https:\/\/politicosaldesnudo.com.mx\/index.php\/2025\/08\/26\/gobierno-de-trump-celebra-culpabilidad-de-el-mayo-como-triunfo-sin-precedente-contra-el-narco\/","title":{"rendered":"Gobierno de Trump celebra culpabilidad de &#8216;El Mayo&#8217; como \u00abtriunfo sin precedente\u00bb contra el narco"},"content":{"rendered":"<p class=\"nota-justify\">La fiscal general de Estados Unidos Pam Bondi y el jefe de la DEA Terrance Cole se auto-congratularon por la declaratoria de culpabilidad de Ismael El Mayo Zambada Garc\u00eda, calificando el hecho como un triunfo sin precedente, el posible fin del c\u00e1rtel de Sinaloa y prueba de que \u201cnadie est\u00e1 fuera del alcance de la justicia estadunidense\u201d, pero al parecer se les olvid\u00f3 reconocer a sus contrapartes en M\u00e9xico hasta que respondieron a una pregunta sobre la cooperaci\u00f3n bilateral.<\/p>\n<p class=\"nota-justify\">En una conferencia de prensa en las oficinas de la fiscal\u00eda federal en Brooklyn a una cuadra del tribunal donde poco antes Zambada acept\u00f3 un acuerdo con las autoridades estadunidenses y se declar\u00f3 culpable de dos cargos criminales de narcotr\u00e1fico, Bondi declar\u00f3 que esto fue una \u201cvictoria crucial de la lucha del presidente Trump para eliminar completamente a las organizaciones terroristas extranjeras y proteger a los ciudadanos estadunidenses de las drogas letales y la violencia\u201d. Pero El Mayo no fue entregado a un gobierno estadunidense encabezado por Trump, sino fue encarcelado y se inici\u00f3 su proceso judicial en julio de 2024 bajo la presidencia de Joe Biden.<\/p>\n<p class=\"nota-justify\">Bondi y Cole se presentaron en Nueva York para ofrecer la conferencia de prensa junto con altos oficiales del FBI, el Departamento de Seguridad Interna, y fiscales de varios estados acompa\u00f1ados por decenas de agentes de la DEA con el prop\u00f3sito de elevar el perfil del caso de El Mayo a un evento de importancia nacional.<\/p>\n<p class=\"nota-justify\">\u201cEste terrorista extranjero cometi\u00f3 cr\u00edmenes horrendos contra el pueblo estadunidense -ahora pagar\u00e1 por esos cr\u00edmenes al pasar el resto de su vida tras las rejas en una prisi\u00f3n estadunidense\u201d, declar\u00f3 Bondi. Agreg\u00f3 que \u201cmorir\u00e1 en una prisi\u00f3n federal estadunidense adonde pertenece. Su declaraci\u00f3n de culpabilidad nos lleva un paso m\u00e1s cerca de lograr nuestro objetivo de eliminar a los c\u00e1rteles de droga y las organizaciones criminales trasnacionales a trav\u00e9s del mundo que est\u00e1n inundando a nuestro pa\u00eds con drogas, tr\u00e1fico humano y homicidios\u201d.<\/p>\n<p class=\"nota-justify\">Subray\u00f3 que \u201cestamos desmantelando a estos narco-terroristas, y eso es exactamente lo que son\u201d, y se\u00f1al\u00f3 que El Mayo, junto con su socio El Chapo fueron cofundadores del c\u00e1rtel de Sinaloa y que \u201casesinaron a m\u00faltiples gentes e inundaron a nuestro pa\u00eds con drogas\u201d. Proclam\u00f3 que \u201csu reino de terror ha terminado\u201d. Acus\u00f3 a El Mayo y sus socios de traficar primero coca\u00edna, despu\u00e9s hero\u00edna y ahora fentanilo. \u201cCompraron los qu\u00edmicos precursores de fentanilo de China. Hicieron la droga en M\u00e9xico e inundaron a nuestras comunidades, matando a nuestros ni\u00f1os\u201d, afirm\u00f3.<\/p>\n<p class=\"nota-justify\">Destac\u00f3 el uso de violencia extrema por El Mayo y sus c\u00f3mplices, y acus\u00f3 que \u201coperaron con impunidad en los niveles m\u00e1s altos del mundo del narcotr\u00e1fico mexicano pagando sobornos a oficiales del gobierno\u201d. La fiscal general indic\u00f3 que El Mayo se hab\u00eda escapado de la justicia durante d\u00e9cadas, \u201cpero bajo el liderazgo del presidente Trump, finalmente \u00e9l fue llevado a la justicia\u201d.<\/p>\n<p class=\"nota-justify\">Una y otra vez, Bondi emple\u00f3 el t\u00e9rmino de \u201cnarco-terrorista\u201d para referirse a los narcotraficantes extranjeros, parte del nuevo vocabulario empleado por el gobierno de Trump con lo cual puede justificar el uso de recursos militares, incluyendo acciones unilaterales, al calificar a narcotraficantes y sus organizaciones como \u201cterroristas\u201d que amenazan la seguridad nacional de Estados Unidos. Bondi destac\u00f3 que su Departamento de Justicia ya ha acusado a l\u00edderes del c\u00e1rtel de Sinaloa como de otros de \u201cnarco-terrorismo\u201d, enfatizando que\u201dson narco-terroristas internacionales que invaden nuestro pa\u00eds, amenazan la soberan\u00eda de nuestras fronteras y destruyen nuestras comunidades. Son terroristas y los enjuiciaremos como si fueran terroristas\u201d.<\/p>\n<p class=\"nota-justify\">Bondi tambi\u00e9n resalt\u00f3 como logro extraordinario de Trump el que M\u00e9xico ha expulsado a m\u00e1s de 50 l\u00edderes de c\u00e1rteles, \u201cson n\u00fameros hist\u00f3ricos que aseguran que estos criminales enfrenten la justicia en tierra estadunidense\u201d. Concluy\u00f3 que \u201caun no hemos terminado. Bajo la direcci\u00f3n del presidente Trump, continuaremos luchando hasta que cada uno de los jefes de c\u00e1rteles est\u00e9 encarcelado un tierra estadunidense y en prisiones estadunidenses por el resto de sus vidas\u201d.<\/p>\n<p class=\"nota-justify\">\u201cHoy comprobamos que nadie est\u00e1 fuera de muestro alcance\u201d, proclam\u00f3 el administrador de la DEA Cole, y se\u00f1al\u00f3 que igual que El Mayo, \u201cla justicia estadunidense\u201d ha capturado a El Chapo, Genaro Garc\u00eda Luna y Rafael Caro Quintero, entre otros, todo lo cual se logr\u00f3 con la cooperaci\u00f3n a nivel global, afirmando que su agencia no es s\u00f3lo estadunidense, \u201ces el socio m\u00e1s confiado del mundo en la lucha contra los c\u00e1rteles en drogas sint\u00e9ticas\u201d.<\/p>\n<p class=\"nota-justify\">Aunque Bondi y Cole se refirieron a sus operaciones internacionales en la lucha contra el narcotr\u00e1fico, ninguno de los dos tom\u00f3 la oportunidad para reconocer y\/o agradecer la cooperaci\u00f3n bilateral con M\u00e9xico en sus comentarios preparados.<\/p>\n<p class=\"nota-justify\">Al concluir el evento de prensa, se acept\u00f3 solo unas tres preguntas, entre ellas la del reportero Jes\u00fas Garc\u00eda de El Diario\/La Opini\u00f3n quien pregunt\u00f3 a Bondi acerca de c\u00f3mo la Presidenta Claudia Sheinbaum ha solicitado que se le informe a M\u00e9xico sobre c\u00f3mo lleg\u00f3 El Mayo a manos de las autoridades estadunidenses. En respuesta, y por primera vez en la sesi\u00f3n, Bondi agradeci\u00f3 a las autoridades mexicanas \u201cpor su ayuda llevando a todos estos l\u00edderes de c\u00e1rteles ante la justicia\u201d, pero que no comentar\u00eda sobre los detalles de cualquier investigaci\u00f3n en curso.<\/p>\n","protected":false},"excerpt":{"rendered":"<p>La fiscal general de Estados Unidos Pam Bondi y el jefe de la DEA Terrance Cole se auto-congratularon por la<\/p>\n","protected":false},"author":4,"featured_media":69528,"comment_status":"closed","ping_status":"closed","sticky":false,"template":"","format":"standard","meta":{"colormag_page_container_layout":"default_layout","colormag_page_sidebar_layout":"default_layout","_jetpack_memberships_contains_paid_content":false,"footnotes":"","jetpack_publicize_message":"","jetpack_publicize_feature_enabled":true,"jetpack_social_post_already_shared":true,"jetpack_social_options":{"image_generator_settings":{"template":"highway","default_image_id":0,"font":"","enabled":false},"version":2}},"categories":[28],"tags":[],"class_list":["post-69527","post","type-post","status-publish","format-standard","has-post-thumbnail","hentry","category-internacional"],"jetpack_publicize_connections":[],"jetpack_featured_media_url":"https:\/\/i0.wp.com\/politicosaldesnudo.com.mx\/wp-content\/uploads\/2025\/08\/CU-1.jpg?fit=770%2C515&ssl=1","jetpack-related-posts":[],"jetpack_sharing_enabled":true,"_links":{"self":[{"href":"https:\/\/politicosaldesnudo.com.mx\/index.php\/wp-json\/wp\/v2\/posts\/69527","targetHints":{"allow":["GET"]}}],"collection":[{"href":"https:\/\/politicosaldesnudo.com.mx\/index.php\/wp-json\/wp\/v2\/posts"}],"about":[{"href":"https:\/\/politicosaldesnudo.com.mx\/index.php\/wp-json\/wp\/v2\/types\/post"}],"author":[{"embeddable":true,"href":"https:\/\/politicosaldesnudo.com.mx\/index.php\/wp-json\/wp\/v2\/users\/4"}],"replies":[{"embeddable":true,"href":"https:\/\/politicosaldesnudo.com.mx\/index.php\/wp-json\/wp\/v2\/comments?post=69527"}],"version-history":[{"count":0,"href":"https:\/\/politicosaldesnudo.com.mx\/index.php\/wp-json\/wp\/v2\/posts\/69527\/revisions"}],"wp:featuredmedia":[{"embeddable":true,"href":"https:\/\/politicosaldesnudo.com.mx\/index.php\/wp-json\/wp\/v2\/media\/69528"}],"wp:attachment":[{"href":"https:\/\/politicosaldesnudo.com.mx\/index.php\/wp-json\/wp\/v2\/media?parent=69527"}],"wp:term":[{"taxonomy":"category","embeddable":true,"href":"https:\/\/politicosaldesnudo.com.mx\/index.php\/wp-json\/wp\/v2\/categories?post=69527"},{"taxonomy":"post_tag","embeddable":true,"href":"https:\/\/politicosaldesnudo.com.mx\/index.php\/wp-json\/wp\/v2\/tags?post=69527"}],"curies":[{"name":"wp","href":"https:\/\/api.w.org\/{rel}","templated":true}]}}