{"id":69530,"date":"2025-08-26T00:20:08","date_gmt":"2025-08-26T06:20:08","guid":{"rendered":"https:\/\/politicosaldesnudo.com.mx\/?p=69530"},"modified":"2025-08-25T21:47:27","modified_gmt":"2025-08-26T03:47:27","slug":"iran-aborda-con-rusia-su-programa-nuclear-antes-de-reunirse-con-paises-europeos","status":"publish","type":"post","link":"https:\/\/politicosaldesnudo.com.mx\/index.php\/2025\/08\/26\/iran-aborda-con-rusia-su-programa-nuclear-antes-de-reunirse-con-paises-europeos\/","title":{"rendered":"Ir\u00e1n aborda con Rusia su programa nuclear antes de reunirse con pa\u00edses europeos"},"content":{"rendered":"<p class=\"nota-justify\">Los presidentes ruso e iran\u00ed hablaron este lunes sobre el programa nuclear de Teher\u00e1n, despu\u00e9s de que varios pa\u00edses europeos amenazaron con restablecer las sanciones al pa\u00eds persa si no llegaban a un acuerdo al respecto.<\/p>\n<p class=\"nota-justify\">Ir\u00e1n reanudar\u00e1 este martes en Ginebra las negociaciones sobre su programa nuclear con Francia, Reino Unido y Alemania, anunci\u00f3 la televisi\u00f3n estatal iran\u00ed.<\/p>\n<p class=\"nota-justify\">Estos tres pa\u00edses europeos -que formaron parte del acuerdo internacional sobre el programa nuclear de Ir\u00e1n de 2015- amenazan con restablecer a finales de agosto las sanciones levantadas en virtud de este pacto para asegurar que el programa de Teher\u00e1n se limite a fines civiles, que estipula una cooperaci\u00f3n con el Organismo Internacional de Energ\u00eda At\u00f3mica (OIEA).<\/p>\n<p class=\"nota-justify\">En la previa de esta esperada ronda de negociaciones, el presidente ruso Vladimir Putin habl\u00f3 por tel\u00e9fono con su hom\u00f3logo iran\u00ed, Masud Pezeshkian, inform\u00f3 este lunes el Kremlin.<\/p>\n<p class=\"nota-justify\">Los l\u00edderes discutieron \u00abla situaci\u00f3n en torno al programa nuclear de Ir\u00e1n\u00bb, agreg\u00f3 la misma fuente.<\/p>\n<p class=\"nota-justify\">Por su parte, la presidencia iran\u00ed afirm\u00f3 que Pezeshkian agradeci\u00f3 a Putin su apoyo al \u00abderecho al enriquecimiento\u00bb de uranio de Teher\u00e1n y afirm\u00f3 que su pa\u00eds \u00abno busca, ni buscar\u00e1 jam\u00e1s, fabricar armas nucleares\u00bb.<\/p>\n<p class=\"nota-justify\">Ir\u00e1n niega que su programa nuclear tenga fines militares, pero Israel y los pa\u00edses occidentales sospechan que Teher\u00e1n busca hacerse con la bomba at\u00f3mica.<\/p>\n<p class=\"nota-justify\">Rusia, que se ha acercado a Ir\u00e1n desde el inicio de su ofensiva en Ucrania en 2022, ha defendido p\u00fablicamente el derecho de Teher\u00e1n a utilizar la energ\u00eda nuclear con fines civiles.<\/p>\n<p class=\"nota-justify\">Ir\u00e1n busca regularmente coordinar su posici\u00f3n con Rusia y China antes de las discusiones clave sobre su programa nuclear con Occidente.<\/p>\n<p class=\"nota-justify\">Alemania, el Reino Unido y Francia forman parte de las potencias mundiales, junto con China, Rusia y Estados Unidos, que negociaron el hist\u00f3rico acuerdo nuclear de 2015 con Teher\u00e1n, que preve\u00eda un control de las actividades nucleares iran\u00edes a cambio del levantamiento de las sanciones internacionales.<\/p>\n<p class=\"nota-justify\">El texto qued\u00f3 sin efecto en 2018, cuando Washington decidi\u00f3 retirarse unilateralmente del tratado durante la primera presidencia de Donald Trump.<\/p>\n<p class=\"nota-justify\">En represalia, Teher\u00e1n ha dejado de respetar desde entonces algunos de los compromisos adquiridos, en particular en lo que respecta al enriquecimiento de uranio.<\/p>\n<p class=\"nota-justify\">En junio, la Rep\u00fablica Isl\u00e1mica suspendi\u00f3 la cooperaci\u00f3n con el OEIA tras la guerra de 12 d\u00edas con Israel, argumentando que la agencia de la Organizaci\u00f3n de Naciones Unidas no conden\u00f3 los bombardeos israel\u00edes y estadounidenses contra sus instalaciones nucleares.<\/p>\n","protected":false},"excerpt":{"rendered":"<p>Los presidentes ruso e iran\u00ed hablaron este lunes sobre el programa nuclear de Teher\u00e1n, despu\u00e9s de que varios pa\u00edses europeos<\/p>\n","protected":false},"author":4,"featured_media":69531,"comment_status":"closed","ping_status":"closed","sticky":false,"template":"","format":"standard","meta":{"colormag_page_container_layout":"default_layout","colormag_page_sidebar_layout":"default_layout","_jetpack_memberships_contains_paid_content":false,"footnotes":"","jetpack_publicize_message":"","jetpack_publicize_feature_enabled":true,"jetpack_social_post_already_shared":true,"jetpack_social_options":{"image_generator_settings":{"template":"highway","default_image_id":0,"font":"","enabled":false},"version":2}},"categories":[28],"tags":[],"class_list":["post-69530","post","type-post","status-publish","format-standard","has-post-thumbnail","hentry","category-internacional"],"jetpack_publicize_connections":[],"jetpack_featured_media_url":"https:\/\/i0.wp.com\/politicosaldesnudo.com.mx\/wp-content\/uploads\/2025\/08\/LOSVA.jpg?fit=778%2C507&ssl=1","jetpack-related-posts":[],"jetpack_sharing_enabled":true,"_links":{"self":[{"href":"https:\/\/politicosaldesnudo.com.mx\/index.php\/wp-json\/wp\/v2\/posts\/69530","targetHints":{"allow":["GET"]}}],"collection":[{"href":"https:\/\/politicosaldesnudo.com.mx\/index.php\/wp-json\/wp\/v2\/posts"}],"about":[{"href":"https:\/\/politicosaldesnudo.com.mx\/index.php\/wp-json\/wp\/v2\/types\/post"}],"author":[{"embeddable":true,"href":"https:\/\/politicosaldesnudo.com.mx\/index.php\/wp-json\/wp\/v2\/users\/4"}],"replies":[{"embeddable":true,"href":"https:\/\/politicosaldesnudo.com.mx\/index.php\/wp-json\/wp\/v2\/comments?post=69530"}],"version-history":[{"count":0,"href":"https:\/\/politicosaldesnudo.com.mx\/index.php\/wp-json\/wp\/v2\/posts\/69530\/revisions"}],"wp:featuredmedia":[{"embeddable":true,"href":"https:\/\/politicosaldesnudo.com.mx\/index.php\/wp-json\/wp\/v2\/media\/69531"}],"wp:attachment":[{"href":"https:\/\/politicosaldesnudo.com.mx\/index.php\/wp-json\/wp\/v2\/media?parent=69530"}],"wp:term":[{"taxonomy":"category","embeddable":true,"href":"https:\/\/politicosaldesnudo.com.mx\/index.php\/wp-json\/wp\/v2\/categories?post=69530"},{"taxonomy":"post_tag","embeddable":true,"href":"https:\/\/politicosaldesnudo.com.mx\/index.php\/wp-json\/wp\/v2\/tags?post=69530"}],"curies":[{"name":"wp","href":"https:\/\/api.w.org\/{rel}","templated":true}]}}