{"id":69537,"date":"2025-08-26T20:00:10","date_gmt":"2025-08-27T02:00:10","guid":{"rendered":"https:\/\/politicosaldesnudo.com.mx\/?p=69537"},"modified":"2025-08-26T20:00:10","modified_gmt":"2025-08-27T02:00:10","slug":"el-espejo-retrovisor","status":"publish","type":"post","link":"https:\/\/politicosaldesnudo.com.mx\/index.php\/2025\/08\/26\/el-espejo-retrovisor\/","title":{"rendered":"El espejo retrovisor"},"content":{"rendered":"<p>La historia pol\u00edtica de M\u00e9xico ha demostrado ser como una espiral que, lejos de avanzar hacia la consolidaci\u00f3n democr\u00e1tica, parece girar sobre s\u00ed misma para invariablemente regresar a sus momentos m\u00e1s oscuros con una sorprendente naturalidad. La propuesta de reforma pol\u00edtico-electoral impulsada por Claudia Sheinbaum es un ejemplo de ello.<\/p>\n<p>Bajo el disfraz de eficiencia administrativa y austeridad republicana, se asoma una intenci\u00f3n manifiesta: reconcentrar de manera absoluta el poder pol\u00edtico en el Ejecutivo, desmantelar los contrapesos institucionales y restaurar el control hegem\u00f3nico que caracteriz\u00f3 al viejo r\u00e9gimen priista durante d\u00e9cadas.<\/p>\n<p>La narrativa oficial habla de reducir el costo de las elecciones, disminuir el n\u00famero de legisladores, recortar el financiamiento p\u00fablico a los partidos pol\u00edticos y \u201chacer m\u00e1s eficientes\u201d los organismos electorales, como si se tratase de una modernizaci\u00f3n del sistema pol\u00edtico. Pero como suele ocurrir en todos los reg\u00edmenes autoritarios, no son sino meros pretextos para eliminar de tajo la pluralidad pol\u00edtico-partidista y que \u00e9sta no pase de ser un elemento decorativo y a la vez, legitimador de un r\u00e9gimen cerrado, sordo y arbitrario como el que gobern\u00f3 al pa\u00eds durante 70 a\u00f1os. Y como el que construyen sus \u201cherederos\u201d en Morena.<\/p>\n<p>Una de las propuestas m\u00e1s graves es la de reducir el n\u00famero de representantes populares desapareciendo a los legisladores plurinominales, lo que no significa una mejora en la calidad democr\u00e1tica y ni siquiera es un verdadero ahorro financiero. Lo que s\u00ed implicar\u00eda es una disminuci\u00f3n de voces no oficialistas, una exclusi\u00f3n de las minor\u00edas y una concentraci\u00f3n de decisiones en un solo estrato, tal como ocurr\u00eda hasta antes de la reforma pol\u00edtica de 1977, aquella s\u00ed de vanguardia.<\/p>\n<p>Es hacia un estadio como el de esa \u00e9poca hacia donde el obradorismo pretende llevar al pa\u00eds, a pesar de que, particularmente, la representaci\u00f3n proporcional fue una conquista democr\u00e1tica de la izquierda a la que dice pertenecer, y que permiti\u00f3 la inclusi\u00f3n de todas esas fuerzas pol\u00edticas minoritarias en el Congreso que de otra forma, habr\u00edan seguido siendo meramente testimoniales y como hasta entonces, perseguidas.<\/p>\n<p>Pero va m\u00e1s all\u00e1. Se pretende un recorte y hasta la desaparici\u00f3n del financiamiento p\u00fablico de los partidos pol\u00edticos para asfixiar a la oposici\u00f3n, de por s\u00ed reducida a su m\u00ednima expresi\u00f3n por \u201cm\u00e9rito\u201d propio. Dir\u00e1n que el recorte es parejo y tambi\u00e9n le quitar\u00e1n esos recursos a Morena, que no los necesita. Con el dinero del gobierno, v\u00eda los programas clientelares y el desv\u00edo descarado, les basta y sobra para operar. A lo \u00fanico que se le abrir\u00eda la puerta de manera masiva ser\u00eda a recursos de dudosa y seguramente ilegal procedencia para hacer pol\u00edtica. De por s\u00ed.<\/p>\n<p>Con la captura total de los organismos electorales el r\u00e9gimen buscar\u00e1 \u201ccerrar la pinza\u201d. Vulnerada ya la autonom\u00eda del Instituto Nacional Electoral (INE) y del Tribunal Electoral del Poder Judicial de la Federaci\u00f3n (TEPJF), su rol ha cambiado y ya no garantizan de ninguna manera certeza en la organizaci\u00f3n y sanci\u00f3n de los procesos electorales. Sumado a todo lo anterior, se trata del fin del sistema democr\u00e1tico construido durante los \u00faltimos 50 a\u00f1os por muchos de quienes hoy, parad\u00f3jicamente, est\u00e1n encomendados a destruirlo, como Pablo G\u00f3mez.<\/p>\n<p>La creaci\u00f3n de la comisi\u00f3n presidencial para dise\u00f1ar la reforma que encabeza uno de los principales beneficiarios del actual sistema electoral \u2013Pablo G\u00f3mez lleva medio siglo saltando de plurinominal en plurinominal- es una prueba clara de esta intenci\u00f3n. En lugar de convocar a un di\u00e1logo plural, con participaci\u00f3n de todos los sectores pol\u00edticos y sociales, el gobierno ha optado por un dise\u00f1o vertical, donde los funcionarios del Ejecutivo tienen la batuta. La oposici\u00f3n ha denunciado que no ha sido convocada ni escuchada. El proceso, lejos de ser democr\u00e1tico, es una imposici\u00f3n y una simulaci\u00f3n.<\/p>\n<p>El gobierno ha anunciado la realizaci\u00f3n de foros y audiencias p\u00fablicas para discutir la reforma. Pero como ha ocurrido en otros procesos legislativos, estos espacios suelen ser meras puestas en escena, donde las decisiones ya est\u00e1n tomadas y la participaci\u00f3n ciudadana es decorativa, ya que no hay voluntad de construir consensos, sino de imponer una visi\u00f3n \u00fanica.<\/p>\n<p>La mayor\u00eda de los integrantes de la comisi\u00f3n presidencial son funcionarios del r\u00e9gimen, sin independencia ni pluralidad. Su papel no ser\u00e1 dise\u00f1ar una reforma democr\u00e1tica, sino confeccionar un traje a la medida de Morena. Un traje autoritario, que permita al partido gobernante perpetuarse en el poder sin competencia real ni oponente al frente. El verdadero \u201csue\u00f1o de Andr\u00e9s\u201d.<\/p>\n<p>La reforma electoral de Claudia Sheinbaum es un espejo retrovisor que nos muestra el camino de regreso al pasado. Un pasado donde el poder se concentraba en el Ejecutivo, donde la oposici\u00f3n era marginal y donde las elecciones eran rituales sin competencia.<\/p>\n<p>Una restauraci\u00f3n del antiguo r\u00e9gimen, la reedici\u00f3n del viejo PRI, con viejos y nuevos rostros. Pero con las mismas pr\u00e1cticas de siempre.<\/p>\n<p><img data-recalc-dims=\"1\" loading=\"lazy\" decoding=\"async\" class=\"aligncenter size-full wp-image-69383\" src=\"https:\/\/i0.wp.com\/politicosaldesnudo.com.mx\/wp-content\/uploads\/2025\/08\/FIRMA-EDITORIAL-PD-6.jpg?resize=800%2C98&#038;ssl=1\" alt=\"\" width=\"800\" height=\"98\" srcset=\"https:\/\/i0.wp.com\/politicosaldesnudo.com.mx\/wp-content\/uploads\/2025\/08\/FIRMA-EDITORIAL-PD-6.jpg?w=1024&amp;ssl=1 1024w, https:\/\/i0.wp.com\/politicosaldesnudo.com.mx\/wp-content\/uploads\/2025\/08\/FIRMA-EDITORIAL-PD-6.jpg?resize=300%2C37&amp;ssl=1 300w, https:\/\/i0.wp.com\/politicosaldesnudo.com.mx\/wp-content\/uploads\/2025\/08\/FIRMA-EDITORIAL-PD-6.jpg?resize=768%2C94&amp;ssl=1 768w\" sizes=\"auto, (max-width: 800px) 100vw, 800px\" \/><\/p>\n","protected":false},"excerpt":{"rendered":"<p>La historia pol\u00edtica de M\u00e9xico ha demostrado ser como una espiral que, lejos de avanzar hacia la consolidaci\u00f3n democr\u00e1tica, parece<\/p>\n","protected":false},"author":4,"featured_media":46001,"comment_status":"closed","ping_status":"closed","sticky":false,"template":"","format":"standard","meta":{"colormag_page_container_layout":"default_layout","colormag_page_sidebar_layout":"default_layout","_jetpack_memberships_contains_paid_content":false,"footnotes":"","jetpack_publicize_message":"","jetpack_publicize_feature_enabled":true,"jetpack_social_post_already_shared":true,"jetpack_social_options":{"image_generator_settings":{"template":"highway","default_image_id":0,"font":"","enabled":false},"version":2}},"categories":[26],"tags":[],"class_list":["post-69537","post","type-post","status-publish","format-standard","has-post-thumbnail","hentry","category-columnistas"],"jetpack_publicize_connections":[],"jetpack_featured_media_url":"https:\/\/i0.wp.com\/politicosaldesnudo.com.mx\/wp-content\/uploads\/2024\/09\/RUBICA-2.jpg?fit=800%2C445&ssl=1","jetpack-related-posts":[],"jetpack_sharing_enabled":true,"_links":{"self":[{"href":"https:\/\/politicosaldesnudo.com.mx\/index.php\/wp-json\/wp\/v2\/posts\/69537","targetHints":{"allow":["GET"]}}],"collection":[{"href":"https:\/\/politicosaldesnudo.com.mx\/index.php\/wp-json\/wp\/v2\/posts"}],"about":[{"href":"https:\/\/politicosaldesnudo.com.mx\/index.php\/wp-json\/wp\/v2\/types\/post"}],"author":[{"embeddable":true,"href":"https:\/\/politicosaldesnudo.com.mx\/index.php\/wp-json\/wp\/v2\/users\/4"}],"replies":[{"embeddable":true,"href":"https:\/\/politicosaldesnudo.com.mx\/index.php\/wp-json\/wp\/v2\/comments?post=69537"}],"version-history":[{"count":0,"href":"https:\/\/politicosaldesnudo.com.mx\/index.php\/wp-json\/wp\/v2\/posts\/69537\/revisions"}],"wp:featuredmedia":[{"embeddable":true,"href":"https:\/\/politicosaldesnudo.com.mx\/index.php\/wp-json\/wp\/v2\/media\/46001"}],"wp:attachment":[{"href":"https:\/\/politicosaldesnudo.com.mx\/index.php\/wp-json\/wp\/v2\/media?parent=69537"}],"wp:term":[{"taxonomy":"category","embeddable":true,"href":"https:\/\/politicosaldesnudo.com.mx\/index.php\/wp-json\/wp\/v2\/categories?post=69537"},{"taxonomy":"post_tag","embeddable":true,"href":"https:\/\/politicosaldesnudo.com.mx\/index.php\/wp-json\/wp\/v2\/tags?post=69537"}],"curies":[{"name":"wp","href":"https:\/\/api.w.org\/{rel}","templated":true}]}}